{"id":1700,"date":"2014-07-11T09:24:55","date_gmt":"2014-07-11T07:24:55","guid":{"rendered":"http:\/\/www.inventati.org\/rete_evasioni\/?p=1700"},"modified":"2014-07-11T09:24:55","modified_gmt":"2014-07-11T07:24:55","slug":"domenica-13-luglio-ai-castelli-pranzo-benefit-per-gianluca-e-adriano","status":"publish","type":"post","link":"https:\/\/www.inventati.org\/rete_evasioni\/?p=1700","title":{"rendered":"Domenica 13 Luglio ai Castelli: Pranzo benefit per Gianluca e Adriano"},"content":{"rendered":"<p>&nbsp;<\/p>\n<style type=\"text\/css\"><!--\nP { margin-bottom: 0.21cm; direction: ltr; color: rgb(0, 0, 0); widows: 2; orphans: 2; }\n--><\/style>\n<p style=\"margin-bottom: 0.35cm;\" align=\"RIGHT\">\u201c <span style=\"font-family: Times New Roman,serif;\"><span style=\"font-size: xx-small;\">[\u2026] La virtualizzazione di un processo, per quanto significativa, \u00e8 in fondo poca cosa comparata alle nefandezze dell\u2019autorit\u00e0 (in questo caso giudiziaria) ma \u00e8 comunque indicativa in relazione a quella che \u00e8 la virtualizzazione della vita, volta a controllare e annichilire, dove vengono meno emozioni, espressivit\u00e0 e sensorialit\u00e0\u2026 dove viene meno la bellezza stessa della vita e la libert\u00e0 di viverla realmente.\u201d <\/span><\/span><\/p>\n<p>&nbsp;<\/p>\n<p style=\"margin-bottom: 0.35cm;\" align=\"RIGHT\"><span style=\"font-family: Times New Roman,serif;\"><span style=\"font-size: xx-small;\">Da un comunicato di Adriano<\/span><\/span><\/p>\n<p>&nbsp;<\/p>\n<p style=\"margin-bottom: 0.35cm;\" align=\"JUSTIFY\"><span style=\"font-family: Times New Roman,serif;\"><span style=\"font-size: medium;\">Gianluca e Adriano si trovano reclusi nelle carceri di Alessandria e Ferrara in Alta Sicurezza 2 dal settembre 2013 perch\u00e8 accusati di associazione con finalit\u00e0 di terrorismo ed eversione dell&#8217;ordine democratico, in quanto ritenuti autori di diverse azioni, attacchi e sabotaggi avvenuti ai Castelli Romani contro banche, multinazionali del petrolio e in difesa della terra.<\/span><\/span><\/p>\n<p>&nbsp;<\/p>\n<p style=\"margin-bottom: 0.35cm;\" align=\"JUSTIFY\"><span style=\"font-family: Times New Roman,serif;\"><span style=\"font-size: medium;\">Per il loro processo il Dap ha disposto la videoconferenza, uno strumento di contenzione riservato ai detenuti \u201cpi\u00f9 pericolosi\u201d che prevede la partecipazione in collegamento audio-video da una sala del carcere, annullando di fatto la consultazione con il proprio avvocato difensore nonch\u00e9 la rivendicazione in aula delle ragioni della propria lotta; virtualizzando e isolando sempre di pi\u00f9 la persona che deve essere giudicata ed impedendogli di rivedere amici e compagni solidali anche se solo per un momento.<\/span><\/span><\/p>\n<p>&nbsp;<\/p>\n<p style=\"margin-bottom: 0.35cm;\" align=\"JUSTIFY\"><span style=\"font-family: Times New Roman,serif;\"><span style=\"font-size: medium;\">Nell&#8217;udienza dello scorso 4 Luglio il pm Minisci ha chiesto per loro una condanna rispettivamente di <\/span><\/span><span style=\"font-family: Times New Roman,serif;\"><span style=\"font-size: medium;\"><span style=\"text-decoration: underline;\">8 e 9 anni di reclusione<\/span><\/span><\/span><span style=\"font-family: Times New Roman,serif;\"><span style=\"font-size: medium;\">, in un processo a porte chiuse e dove Adriano e Gianluca si sono rifiutati di presenziare dall\u2019altra parte di uno schermo.<\/span><\/span><\/p>\n<p>&nbsp;<\/p>\n<p style=\"margin-bottom: 0.35cm;\" align=\"JUSTIFY\"><span style=\"font-family: Times New Roman,serif;\"><span style=\"font-size: medium;\">L\u2019udienza \u00e8 stata rinviata al 18 luglio per la discussione della difesa e probabilmente per la sentenza. <\/span><\/span><\/p>\n<p>&nbsp;<\/p>\n<p style=\"margin-bottom: 0.35cm;\" align=\"JUSTIFY\"><span style=\"font-family: Times New Roman,serif;\"><span style=\"font-size: medium;\">Radio Default e Rete Evasioni propongono un pranzo per sostenere le spese dei compagni in carcere e un incontro verso il 18 luglio. Men\u00f9 vegano e buon vino dei Castelli.<\/span><\/span><\/p>\n<p>&nbsp;<\/p>\n<p style=\"margin-bottom: 0.35cm;\" align=\"JUSTIFY\"><span style=\"font-family: Times New Roman,serif;\"><span style=\"font-size: medium;\">Non lasciamo spezzare la solidariet\u00e0 tra imputati e tra chi \u00e8 dentro e chi \u00e8 fuori.<\/span><\/span><\/p>\n<p>&nbsp;<\/p>\n<p style=\"margin-bottom: 0.35cm;\" align=\"JUSTIFY\"><span style=\"font-family: Times New Roman,serif;\"><span style=\"font-size: medium;\">Non lasciamo che passi nel silenzio l\u2019ennesimo tentativo di isolare ancora di pi\u00f9 le compagne e i compagni dai loro contesti affettivi e di lotta.<\/span><\/span><\/p>\n<p>&nbsp;<\/p>\n<p style=\"margin-bottom: 0.35cm;\" align=\"JUSTIFY\">\n<p>&nbsp;<\/p>\n<p style=\"margin-bottom: 0.35cm;\"><span style=\"font-family: Times New Roman,serif;\">Per aiutare chi si cimenter\u00e0 ai fornelli invitiamo a far sapere con anticipo il numero dei commensali scrivendo a<br \/>\nRadiodefault@autoproduzioni.net<\/p>\n<p>ADRIANO E GIANLUCA LIBERI, LIBERTA&#8217; PER TUTTI E TUTTE.<\/span><\/p>\n<p style=\"margin-bottom: 0.35cm;\">\n<p style=\"margin-bottom: 0.35cm; text-align: center;\"><a href=\"http:\/\/www.inventati.org\/rete_evasioni\/wp-content\/uploads\/2014\/07\/pranzo.jpg\"><img loading=\"lazy\" class=\"alignleft size-full wp-image-1701\" alt=\"pranzo\" src=\"http:\/\/www.inventati.org\/rete_evasioni\/wp-content\/uploads\/2014\/07\/pranzo.jpg\" width=\"1600\" height=\"1069\" srcset=\"https:\/\/www.inventati.org\/rete_evasioni\/wp-content\/uploads\/2014\/07\/pranzo.jpg 1600w, https:\/\/www.inventati.org\/rete_evasioni\/wp-content\/uploads\/2014\/07\/pranzo-300x200.jpg 300w, https:\/\/www.inventati.org\/rete_evasioni\/wp-content\/uploads\/2014\/07\/pranzo-1024x684.jpg 1024w\" sizes=\"(max-width: 1600px) 100vw, 1600px\" \/><\/a><\/p>\n<p>&nbsp;<\/p>\n<p style=\"margin-bottom: 0.35cm;\">\n<p>&nbsp;<\/p>\n<p style=\"margin-bottom: 0.35cm;\">\n<p>&nbsp;<\/p>\n<p style=\"margin-bottom: 0.35cm;\">\n<p>&nbsp;<\/p>\n","protected":false},"excerpt":{"rendered":"<p>&nbsp; \u201c [\u2026] La virtualizzazione di un processo, per quanto significativa, \u00e8 in fondo poca cosa comparata alle nefandezze dell\u2019autorit\u00e0 (in questo caso giudiziaria) ma \u00e8 comunque indicativa in relazione a quella che \u00e8 la virtualizzazione della vita, volta a controllare e annichilire, dove vengono meno emozioni, espressivit\u00e0 e sensorialit\u00e0\u2026 dove viene meno la bellezza <a href='https:\/\/www.inventati.org\/rete_evasioni\/?p=1700' class='excerpt-more'>[&#8230;]<\/a><\/p>\n","protected":false},"author":1,"featured_media":0,"comment_status":"open","ping_status":"open","sticky":false,"template":"","format":"standard","meta":[],"categories":[281],"tags":[],"_links":{"self":[{"href":"https:\/\/www.inventati.org\/rete_evasioni\/index.php?rest_route=\/wp\/v2\/posts\/1700"}],"collection":[{"href":"https:\/\/www.inventati.org\/rete_evasioni\/index.php?rest_route=\/wp\/v2\/posts"}],"about":[{"href":"https:\/\/www.inventati.org\/rete_evasioni\/index.php?rest_route=\/wp\/v2\/types\/post"}],"author":[{"embeddable":true,"href":"https:\/\/www.inventati.org\/rete_evasioni\/index.php?rest_route=\/wp\/v2\/users\/1"}],"replies":[{"embeddable":true,"href":"https:\/\/www.inventati.org\/rete_evasioni\/index.php?rest_route=%2Fwp%2Fv2%2Fcomments&post=1700"}],"version-history":[{"count":4,"href":"https:\/\/www.inventati.org\/rete_evasioni\/index.php?rest_route=\/wp\/v2\/posts\/1700\/revisions"}],"predecessor-version":[{"id":1705,"href":"https:\/\/www.inventati.org\/rete_evasioni\/index.php?rest_route=\/wp\/v2\/posts\/1700\/revisions\/1705"}],"wp:attachment":[{"href":"https:\/\/www.inventati.org\/rete_evasioni\/index.php?rest_route=%2Fwp%2Fv2%2Fmedia&parent=1700"}],"wp:term":[{"taxonomy":"category","embeddable":true,"href":"https:\/\/www.inventati.org\/rete_evasioni\/index.php?rest_route=%2Fwp%2Fv2%2Fcategories&post=1700"},{"taxonomy":"post_tag","embeddable":true,"href":"https:\/\/www.inventati.org\/rete_evasioni\/index.php?rest_route=%2Fwp%2Fv2%2Ftags&post=1700"}],"curies":[{"name":"wp","href":"https:\/\/api.w.org\/{rel}","templated":true}]}}