{"id":2211,"date":"2016-07-09T13:09:59","date_gmt":"2016-07-09T11:09:59","guid":{"rendered":"http:\/\/www.inventati.org\/rete_evasioni\/?p=2211"},"modified":"2016-07-09T13:09:59","modified_gmt":"2016-07-09T11:09:59","slug":"cremona-richiesti-ancora-anni-di-galera-per-la-rivolta-del-24-gennaio","status":"publish","type":"post","link":"https:\/\/www.inventati.org\/rete_evasioni\/?p=2211","title":{"rendered":"Cremona &#8211; Richiesti ancora anni di galera per la rivolta del 24 gennaio"},"content":{"rendered":"<p><em>fonte: <a href=\"http:\/\/csakavarna.org\/?p=2770\" target=\"_blank\">csakavarna<\/a><\/p>\n<p><\/em><\/p>\n<p>Ieri sono state fatte le richieste di condanna e le difese degli imputati, per il secondo filone del processo riguardante la rivolta del 24 gennaio 2015, avvenuta a Cremona per il corteo in solidariet\u00e0 a Emilio.<\/p>\n<p>Sono stati chiesti 5 anni e 4 mesi per Filippo, 4 anni per Sam e Gianmarco, Per tutti e tre il Comune di Cremona ha chiesto un risarcimento di 200 mila euro. Per i tre antifascisti, l\u2019accusa \u00e8 concorso in devastazione e saccheggio e per Filippo, l\u2019aggravante della premeditazione.<\/p>\n<p>La sentenza verr\u00e0 emessa nella mattina di gioved\u00ec prossimo, 14 luglio intorno alle 10.<\/p>\n<p><em>Queste il volantino distribuito in alcune strade, a cui \u00e8 seguita l\u2019assemblea avvenuta in piazza sull\u2019opuscolo \u201cRompere la piazza\u201d:<\/em><\/p>\n<p><strong>Questi piccoli gesti di solidariet\u00e0 li dedichiamo ad Emmanuel, ragazzo ucciso a Fermo per mano fascista.<\/strong><\/p>\n<p>&nbsp;<\/p>\n<p><strong>LIBERARSI E\u2019 POSSIBILE<\/strong><\/p>\n<p><em>L\u2019inferno brucia solo per chi \u00e8 un dannato!<\/em><br \/>\nLou X<\/p>\n<p>Cosa accadrebbe se il sogno di ribellarsi contro questo mondo si trasformasse in pratica, fra moti collettivi ed azioni individuali?<br \/>\nIl 24 gennaio dello scorso anno a Cremona (come il 15 ottobre del 2011 a Roma e nello scorso Primo Maggio milanese contro Expo) tutto questo \u00e8 successo.<br \/>\nDa una testa rotta ad un compagno per mano fascista, quando Emilio rischi\u00f2 la vita, molte e molti hanno rialzato la propria (testa), trasformando il loro NO in qualcosa di materialmente tangibile.<br \/>\nPer una giornata, il tempo della sottomissione \u00e8 stato sospeso.<br \/>\nSe la rassegnazione ad una vita di merda e l\u2019apatia per quello che succede intorno a noi sono le sconfitte pi\u00f9 atroci, la rabbia e l\u2019intelligenza esplose il 24 gennaio hanno lasciato un segno: non tutto \u00e8 perduto, l\u2019impossibile pu\u00f2 essere percorso.<br \/>\nOggi vengono processati tre antifascisti con la pesantissima accusa di \u00abdevastazione e saccheggio\u00bb (per la stessa accusa, qualche mese fa, tre rivoltosi pi\u00f9 un infame delatore sono stati condannati a 4 anni di carcere e a 200mila euro di risarcimento in favore del Comune di Cremona).<br \/>\nCi chiediamo: chi realmente devasta e saccheggia le vite?<br \/>\nIn un mondo dove la violenza sbirresca \u00e8 giornaliera, dove in proporzione esiste un ricco per un numero smisurato di poveri, dove sessismo, razzismo e propaganda mediatica tengono in piedi un nazismo dilagante, ci chiediamo: chi realmente devasta e saccheggia le vite?<br \/>\nQuando il denaro e il servilismo all\u2019autorit\u00e0 mercificano gran parte delle relazioni, quando si ritorna a costruire frontiere, quando siamo infestati da gabbie, divieti e telecamere del controllo, quando la guerra torna a casa, ci chiediamo: chi realmente devasta e saccheggia le vite?<br \/>\nQuando tutto \u00e8 fagocitato dalla devastazione della natura e dal saccheggio delle esistenze, non ci sentiamo come nel romanzo 1984 di George Orwell dove capeggiano ovunque 3 messaggi: <em>la libert\u00e0 \u00e8 schiavit\u00f9, la guerra \u00e8 pace e l\u2019ignoranza \u00e8 forza<\/em>?<br \/>\nSe frammenti di rivolta si innescano nelle strade e se i fascisti e i loro collaborazionisti subiscono questi tumulti non possiamo che gioire, perch\u00e9 aldil\u00e0 di qualunque confine si possono trovare infiniti orizzonti di libert\u00e0.<br \/>\nStare dalla parte di chi si ribella ci sembra il miglior modo per scrollarci di dosso questo mondo di morte, contro ogni delazione e per la libert\u00e0 di tutte e di tutti.<\/p>\n<p><strong>Che i bagliori di rivolta di giornate come il 24 gennaio <\/strong><br \/>\n<strong>echeggino nei cuori di chi vuole liberarsi.<\/strong><\/p>\n<p><em>Ci vediamo stasera alle 20,30 in Piazza Roma per la presentazione di \u00abRompere la piazza\u00bb<\/em> <em>e per discutere dell\u2019accusa di devastazione e saccheggio.<\/em><\/p>\n<p><strong>solidali con i ribelli<\/strong><\/p>\n","protected":false},"excerpt":{"rendered":"<p>fonte: csakavarna Ieri sono state fatte le richieste di condanna e le difese degli imputati, per il secondo filone del processo riguardante la rivolta del 24 gennaio 2015, avvenuta a Cremona per il corteo in solidariet\u00e0 a Emilio. Sono stati chiesti 5 anni e 4 mesi per Filippo, 4 anni per Sam e Gianmarco, Per <a href='https:\/\/www.inventati.org\/rete_evasioni\/?p=2211' class='excerpt-more'>[&#8230;]<\/a><\/p>\n","protected":false},"author":1,"featured_media":0,"comment_status":"open","ping_status":"open","sticky":false,"template":"","format":"standard","meta":[],"categories":[302],"tags":[411,414,214,10],"_links":{"self":[{"href":"https:\/\/www.inventati.org\/rete_evasioni\/index.php?rest_route=\/wp\/v2\/posts\/2211"}],"collection":[{"href":"https:\/\/www.inventati.org\/rete_evasioni\/index.php?rest_route=\/wp\/v2\/posts"}],"about":[{"href":"https:\/\/www.inventati.org\/rete_evasioni\/index.php?rest_route=\/wp\/v2\/types\/post"}],"author":[{"embeddable":true,"href":"https:\/\/www.inventati.org\/rete_evasioni\/index.php?rest_route=\/wp\/v2\/users\/1"}],"replies":[{"embeddable":true,"href":"https:\/\/www.inventati.org\/rete_evasioni\/index.php?rest_route=%2Fwp%2Fv2%2Fcomments&post=2211"}],"version-history":[{"count":2,"href":"https:\/\/www.inventati.org\/rete_evasioni\/index.php?rest_route=\/wp\/v2\/posts\/2211\/revisions"}],"predecessor-version":[{"id":2213,"href":"https:\/\/www.inventati.org\/rete_evasioni\/index.php?rest_route=\/wp\/v2\/posts\/2211\/revisions\/2213"}],"wp:attachment":[{"href":"https:\/\/www.inventati.org\/rete_evasioni\/index.php?rest_route=%2Fwp%2Fv2%2Fmedia&parent=2211"}],"wp:term":[{"taxonomy":"category","embeddable":true,"href":"https:\/\/www.inventati.org\/rete_evasioni\/index.php?rest_route=%2Fwp%2Fv2%2Fcategories&post=2211"},{"taxonomy":"post_tag","embeddable":true,"href":"https:\/\/www.inventati.org\/rete_evasioni\/index.php?rest_route=%2Fwp%2Fv2%2Ftags&post=2211"}],"curies":[{"name":"wp","href":"https:\/\/api.w.org\/{rel}","templated":true}]}}