{"id":2821,"date":"2017-11-12T15:24:02","date_gmt":"2017-11-12T14:24:02","guid":{"rendered":"http:\/\/www.inventati.org\/rete_evasioni\/?p=2821"},"modified":"2017-11-12T15:24:02","modified_gmt":"2017-11-12T14:24:02","slug":"laquila-2411-solidarieta-con-nadia-lioce-a-fianco-di-chi-lotta-dentro-le-galere-contro-il-41bis","status":"publish","type":"post","link":"https:\/\/www.inventati.org\/rete_evasioni\/?p=2821","title":{"rendered":"L&#8217;Aquila 24\/11 &#8211; Solidariet\u00e0 con Nadia Lioce A FIANCO DI CHI LOTTA DENTRO LE GALERE CONTRO IL 41BIS"},"content":{"rendered":"<p><em><a href=\"http:\/\/www.inventati.org\/rete_evasioni\/wp-content\/uploads\/2017\/11\/bunner.jpg\"><img loading=\"lazy\" class=\"alignleft  wp-image-2823\" src=\"http:\/\/www.inventati.org\/rete_evasioni\/wp-content\/uploads\/2017\/11\/bunner.jpg\" alt=\"\" width=\"427\" height=\"158\" srcset=\"https:\/\/www.inventati.org\/rete_evasioni\/wp-content\/uploads\/2017\/11\/bunner.jpg 851w, https:\/\/www.inventati.org\/rete_evasioni\/wp-content\/uploads\/2017\/11\/bunner-300x111.jpg 300w, https:\/\/www.inventati.org\/rete_evasioni\/wp-content\/uploads\/2017\/11\/bunner-768x284.jpg 768w\" sizes=\"(max-width: 427px) 100vw, 427px\" \/><\/a>fonte: <a href=\"https:\/\/paginecontrolatortura.noblogs.org\/\">Pagine contro la tortura<\/a><\/em><\/p>\n<p>Sono passati 14 anni da quando la compagna Nadia \u00e8 rinchiusa all&#8217;interno delle sezioni a regime di 41 bis.<br \/>\nIl 24 novembre a L&#8217;Aquila ci sar\u00e0 la terza udienza che la vede sotto processo per aver osato dimostrare, tramite una battitura, di non essere stata ridotta al totale silenzio dalla vendetta dello stato. Le persone rinchiuse all&#8217;interno del circuito del 41bis non hanno la possibilit\u00e0 di far uscire la loro voce, rendendo pubbliche le condizioni vessatorie quotidianamente vissute sui propri corpi e le proprie menti. Questo processo ci racconta di una protesta fatta a seguito dell&#8217;applicazione della circolare del DAP del 2011 che impediva, ai detenuti e le detenute in 41bis, di ricevere libri tramite posta e colloqui. Vincola l&#8217;acquisto esclusivamente attraverso l\u2019ufficio preposto dal carcere. La suddetta circolare \u00e8 stata legittimata, dopo diversi iter processuali, dalla sentenza della cassazione e definitivamente sancita dalla <a href=\"http:\/\/www.giurcost.org\/decisioni\/2017\/0122s-17.html\">Corte Costituzionale l&#8217; 8 febbraio 2017<\/a>.<\/p>\n<p>Nel 2015 ha avuto inizio la campagna &#8220;Pagine contro la tortura&#8221; all&#8217;interno dei percorsi contro il carcere e dei ragionamenti che ne seguono aprendo ulteriormente una finestra su quello che \u00e8 il \u201ccarcere speciale\u201d come dispositivo punitivo chiaramente in relazione ai cambiamenti sociali.<\/p>\n<p>L\u2019impostazione di questo regime detentivo prevede:<br \/>\n&#8211; isolamento per 23 ore al giorno. L\u2019ora d\u2019aria prevede un massimo di 4 detenuti (la scarsa socialit\u00e0 \u00e8 combinata scientificamente in base ai criteri dalla Direzione guidata dal DAP attraverso DNA, DIGOS, GOM, DIA&#8230;);<br \/>\n&#8211; colloquio con i soli familiari diretti (un\u2019ora al mese) che impedisce per mezzo di vetri, telecamere e citofoni ogni contatto diretto;<br \/>\n&#8211; una telefonata al mese solo nel caso in cui non si sia effettuato il colloquio. Il parente stretto \u00e8 la sola persona con la quale pu\u00f2 entrare in comunicazione. La chiamata pu\u00f2 essere effettuata esclusivamente dall\u2019interno di un carcere;<br \/>\n&#8211; esclusione a priori dall\u2019accesso ai \u201cbenefici\u201d previsti dalla Legge Gozzini;<br \/>\n&#8211; impiego dei Gruppi Operativi Mobili (GOM), il gruppo speciale della polizia penitenziaria, tristemente conosciuto per i pestaggi nelle carceri e per i massacri compiuti a Genova nel 2001 [<a href=\"http:\/\/www.bv.ipzs.it\/bv-pdf\/003\/MOD-BP-17-071-157_2254_1.pdf\">link<\/a>];<br \/>\n&#8211; \u201cprocesso in videoconferenza\u201d: l\u2019imputato\/a detenuto\/a segue il processo da solo\/a in una cella attrezzata del carcere, tramite un collegamento video gestito a discrezione di giudici, pm, forze dell\u2019ordine, quindi privato\/a della possibilit\u00e0 di essere in aula;<br \/>\n&#8211; la censura, taglio e selezione nella consegna di posta, stampe, libri.<\/p>\n<p>Con la legge Gozzini dell\u201986 viene introdotto il 41 bis, per guidare in un primo tempo il sistema punitivo e disciplinare da adottare in ogni carcere. Nell\u2019estate del 1992 a seguito della morte di Falcone e Borsellino all\u2019interno dello scontro tra gli apparati dello stato, il 41bis \u00e8 diventato la punta di diamante del sistema repressivo carcerario. Dal \u201892 a oggi, questo regime \u00e8 stato modificato e inasprito, esteso e omogeneizzato e normato come legge. Per esempio, prolungandone l&#8217;applicazione, inizialmente prevista nella misura di 3 fino a 6 mesi e con proroghe non automatiche bens\u00ec revocabili come rinnovabili, mentre a oggi si applica in prima istanza per 4 anni ed \u00e8 la persona ristretta a dover dimostrare che non sussistono pi\u00f9 motivi per la proroga: dimostrando di essere estraneo ai fatti, o collaborando.<\/p>\n<p>\u00c8 in questo modo che le leggi e le norme di natura emergenziale permangono e col passare del tempo, si estendono: ogni restrizione adottata nelle sezioni a 41bis prima o poi, con nomi e forme diverse, penetra nelle sezioni di Alta Sicurezza e in quelle \u201ccomuni\u201d, e non solo. Un esempio tra tanti \u00e8 quanto avvenuto ai processi in video conferenza, a oggi estesi anche ad altri circuiti penitenziari e alla trattazione delle commissioni territoriali per le richieste di protezione umanitaria delle persone immigrate.<br \/>\nInoltre con l\u2019ultima circolare D.A.P del <a href=\"http:\/\/www.ristretti.it\/commenti\/2017\/ottobre\/pdf\/circolare_41bis.pdf\">2 ottobre 2017<\/a> si \u00e8 sancita l&#8217;omologazione del trattamento di tutte le persone detenute in regime di 41 bis oltre che rafforzarlo e legittimarlo. Nello specifico la quotidianit\u00e0 dei detenuti in 41 bis viene programmata in modo totalizzante, citiamo solo alcuni stralci tratti dalla circolare:<br \/>\n<strong><em>\u201cassicurare un&#8217;attenta attivit\u00e0 di osservazione al fine di studiare e analizzare dinamiche dei gruppi e apportare le dovute modifiche con l&#8217;obiettivo di impedire tentativi di &#8220;avvicinamento&#8221; e\/o &#8220;condivisione&#8221; di interessi tra consorterie mafiose espressione di differenti provenienze territoriali, evitando di formare gruppi di socialit\u00e0 &#8220;aggregati&#8221; e comunque coesi\u201d<\/em><\/strong>.<br \/>\nGli apparati statali repressivi continuano a presentare questo circuito identificando, chi \u00e8 l\u00ec prigioniero, esclusivamente come boss mafioso per ridurre la popolazione carceraria e ricondurla ad un evidente fine di demagogica strumentalizzazione sulla cosiddetta &#8220;opinione pubblica&#8221;. In realt\u00e0, come applicato per la compagna Nadia, il secondo comma della L. 279\/2002 estende il regime del cosiddetto &#8220;carcere duro&#8221; anche ai soggetti imputati o condannati per reati diversi da quelli dell&#8217;associazione di stampo mafioso. Tra i reati interessati a questa estensione anche quelli <em>&#8220;commessi per finalit\u00e0 di terrorismo, anche internazionale, o di eversione dell&#8217;ordinamento democratico, mediante il compimento di atti di violenza&#8221;<\/em>.<\/p>\n<p>L\u2019estensione del 41 bis agli altri circuiti \u00e8 resa evidente per esempio dalla scrupolosa osservazione alla base del dispositivo di isolamento messo in atto all&#8217;interno di questi circuiti. Nei circuiti di AS, per esempio, vige questo meccanismo, con la differenza che all&#8217;interno vengono rinchiusi soggetti che si ritenga abbiano una stessa matrice politica o&#8230;criminologica.<br \/>\nIl prestigio di un carcere \u00e8 acquisito in maniera sempre pi\u00f9 decisa sulla base della sicurezza e non del paravento della &#8220;rieducazione&#8221;; il fine principe, ripetiamo, \u00e8 la volont\u00e0 di ottenere \u201ccollaborazione\u201d attraverso la tortura quotidiana.<br \/>\nIl carcere ha plurime funzioni tra cui quella di essere monito per chi decide, per condizione o volont\u00e0, di non attenersi ai paradigmi di legalit\u00e0 nonch\u00e9 quella di disciplinare, restituendo alla societ\u00e0 esterna soggetti ammansiti e rassegnati.<br \/>\nLa strategia del &#8220;divide et impera&#8221;, attuata con la differenziazione dei circuiti carcerari, \u00e8 utile a frammentare e prevenire la solidariet\u00e0 cos\u00ec come avviene nel mondo del lavoro e in quei tanti ambiti della societ\u00e0 in cui tale sistema si concretizza nella \u201cguerra tra poveri&#8221;.<br \/>\nAlla luce di ci\u00f2, riteniamo che il regime 41-bis non sia separato dal resto del carcere n\u00e9 dall&#8217;intero progetto politico di ristrutturazione della societ\u00e0.<\/p>\n<p>Per questo lottare contro il 41-bis significa lottare contro tutto il sistema carcerario e non solo.<\/p>\n<p><strong>Il 24 novembre alle ore 9.00<\/strong> si celebrer\u00e0, presso il Tribunale ordinario di L\u2019Aquila in Via XX settembre n. 68, il processo a Nadia Lioce.<\/p>\n<p><strong>Noi quel giorno saremo l\u00ec in presidio,<\/strong><br \/>\n<strong>in solidariet\u00e0 con Nadia e con il suo grido di dignit\u00e0.<\/strong><\/p>\n<p>A seguito ci sposteremo davanti al carcere per portare un saluto ai detenuti e alle detenute.<br \/>\n<strong><em>Campagna \u201cPagine contro la tortura\u201d<br \/>\n<a href=\"http:\/\/www.inventati.org\/rete_evasioni\/wp-content\/uploads\/2017\/11\/manifesto-jpg.jpg\"><img loading=\"lazy\" class=\"aligncenter size-large wp-image-2822\" src=\"http:\/\/www.inventati.org\/rete_evasioni\/wp-content\/uploads\/2017\/11\/manifesto-jpg-723x1024.jpg\" alt=\"\" width=\"695\" height=\"984\" srcset=\"https:\/\/www.inventati.org\/rete_evasioni\/wp-content\/uploads\/2017\/11\/manifesto-jpg-723x1024.jpg 723w, https:\/\/www.inventati.org\/rete_evasioni\/wp-content\/uploads\/2017\/11\/manifesto-jpg-212x300.jpg 212w, https:\/\/www.inventati.org\/rete_evasioni\/wp-content\/uploads\/2017\/11\/manifesto-jpg-768x1087.jpg 768w, https:\/\/www.inventati.org\/rete_evasioni\/wp-content\/uploads\/2017\/11\/manifesto-jpg.jpg 1684w\" sizes=\"(max-width: 695px) 100vw, 695px\" \/><\/a><br \/>\n<\/em><\/strong><\/p>\n","protected":false},"excerpt":{"rendered":"<p>fonte: Pagine contro la tortura Sono passati 14 anni da quando la compagna Nadia \u00e8 rinchiusa all&#8217;interno delle sezioni a regime di 41 bis. Il 24 novembre a L&#8217;Aquila ci sar\u00e0 la terza udienza che la vede sotto processo per aver osato dimostrare, tramite una battitura, di non essere stata ridotta al totale silenzio dalla <a href='https:\/\/www.inventati.org\/rete_evasioni\/?p=2821' class='excerpt-more'>[&#8230;]<\/a><\/p>\n","protected":false},"author":1,"featured_media":0,"comment_status":"open","ping_status":"open","sticky":false,"template":"","format":"standard","meta":[],"categories":[309,38],"tags":[349,9,348,432,11,339],"_links":{"self":[{"href":"https:\/\/www.inventati.org\/rete_evasioni\/index.php?rest_route=\/wp\/v2\/posts\/2821"}],"collection":[{"href":"https:\/\/www.inventati.org\/rete_evasioni\/index.php?rest_route=\/wp\/v2\/posts"}],"about":[{"href":"https:\/\/www.inventati.org\/rete_evasioni\/index.php?rest_route=\/wp\/v2\/types\/post"}],"author":[{"embeddable":true,"href":"https:\/\/www.inventati.org\/rete_evasioni\/index.php?rest_route=\/wp\/v2\/users\/1"}],"replies":[{"embeddable":true,"href":"https:\/\/www.inventati.org\/rete_evasioni\/index.php?rest_route=%2Fwp%2Fv2%2Fcomments&post=2821"}],"version-history":[{"count":1,"href":"https:\/\/www.inventati.org\/rete_evasioni\/index.php?rest_route=\/wp\/v2\/posts\/2821\/revisions"}],"predecessor-version":[{"id":2824,"href":"https:\/\/www.inventati.org\/rete_evasioni\/index.php?rest_route=\/wp\/v2\/posts\/2821\/revisions\/2824"}],"wp:attachment":[{"href":"https:\/\/www.inventati.org\/rete_evasioni\/index.php?rest_route=%2Fwp%2Fv2%2Fmedia&parent=2821"}],"wp:term":[{"taxonomy":"category","embeddable":true,"href":"https:\/\/www.inventati.org\/rete_evasioni\/index.php?rest_route=%2Fwp%2Fv2%2Fcategories&post=2821"},{"taxonomy":"post_tag","embeddable":true,"href":"https:\/\/www.inventati.org\/rete_evasioni\/index.php?rest_route=%2Fwp%2Fv2%2Ftags&post=2821"}],"curies":[{"name":"wp","href":"https:\/\/api.w.org\/{rel}","templated":true}]}}