{"id":3024,"date":"2018-09-10T16:59:40","date_gmt":"2018-09-10T14:59:40","guid":{"rendered":"http:\/\/www.inventati.org\/rete_evasioni\/?p=3024"},"modified":"2018-09-10T17:02:42","modified_gmt":"2018-09-10T15:02:42","slug":"15-ottobre-2011-non-e-finita-un-appello-rivolto-ai-compagni-e-alle-compagne","status":"publish","type":"post","link":"https:\/\/www.inventati.org\/rete_evasioni\/?p=3024","title":{"rendered":"15 OTTOBRE 2011: NON \u00c8 FINITA! Un appello rivolto ai compagni e alle compagne"},"content":{"rendered":"<p><a href=\"http:\/\/www.inventati.org\/rete_evasioni\/wp-content\/uploads\/2015\/05\/ti-ricordi.jpg\"><img loading=\"lazy\" class=\"alignleft size-medium wp-image-1952\" src=\"http:\/\/www.inventati.org\/rete_evasioni\/wp-content\/uploads\/2015\/05\/ti-ricordi-300x300.jpg\" alt=\"\" width=\"300\" height=\"300\" srcset=\"https:\/\/www.inventati.org\/rete_evasioni\/wp-content\/uploads\/2015\/05\/ti-ricordi-300x300.jpg 300w, https:\/\/www.inventati.org\/rete_evasioni\/wp-content\/uploads\/2015\/05\/ti-ricordi-150x150.jpg 150w, https:\/\/www.inventati.org\/rete_evasioni\/wp-content\/uploads\/2015\/05\/ti-ricordi-96x96.jpg 96w, https:\/\/www.inventati.org\/rete_evasioni\/wp-content\/uploads\/2015\/05\/ti-ricordi-24x24.jpg 24w, https:\/\/www.inventati.org\/rete_evasioni\/wp-content\/uploads\/2015\/05\/ti-ricordi-36x36.jpg 36w, https:\/\/www.inventati.org\/rete_evasioni\/wp-content\/uploads\/2015\/05\/ti-ricordi-48x48.jpg 48w, https:\/\/www.inventati.org\/rete_evasioni\/wp-content\/uploads\/2015\/05\/ti-ricordi-64x64.jpg 64w, https:\/\/www.inventati.org\/rete_evasioni\/wp-content\/uploads\/2015\/05\/ti-ricordi.jpg 600w\" sizes=\"(max-width: 300px) 100vw, 300px\" \/><\/a>Il 15 ottobre 2011 a Roma si riusc\u00ec, per una giornata, a respirare un\u2019aria diversa dalla rassegnazione alla quale sembriamo spesso ridotti\/e: in un clima generale di \u201cindignazione\u201d, si respir\u00f2 rabbia.<\/p>\n<p>Una giornata che vide, lo ribadiamo, migliaia di persone in piazza. Di quelle migliaia non furono certo poche quelle che decisero di rispondere alla guerra che lo Stato perpetua unilateralmente attraverso le sue politiche economiche, sociali, repressive etc.\u00a0 Molti luoghi simbolo dello sfruttamento e di un mondo che non vogliamo, perch\u00e9 fondato solo su aride logiche economiche, furono presi di mira. Ci fu rabbia s\u00ec, ma ci fu anche la gioia del respirarla assieme.<\/p>\n<p>Ma, da quella giornata, di tempo ne \u00e8 passato e il clima sembra essere profondamente mutato.<\/p>\n<p>Il 13 settembre si apre il processo di appello contro 15 persone condannate a pene che arrivano fino ai 9 anni anche per il reato di devastazione e saccheggio.<\/p>\n<p>Capo d\u2019imputazione, questo, che \u00e8 lo stesso utilizzato contro chi era in strada a Cremona il 24 gennaio 2015, e per cui \u00e8 stata fissata l\u2019udienza di Cassazione per il 25 settembre prossimo. Lo stesso reato, inoltre, lo troviamo come capo di accusa per la manifestazione contro le frontiere al Brennero, per cui l\u2019inizio del processo si prevede essere il 22 ottobre.<\/p>\n<p>Devastazione e saccheggio \u00e8 uno tra i tanti strumenti di cui la repressione si dota per elargire lunghi anni di esclusione nelle galere a chi \u00e8 condannato\/a ma anche, e non secondario, come deterrente per tutti e tutte: il dissenso deve ridursi a innocui e silenziosi cortei, sempre pi\u00f9 simili a tristi manifestazioni funeree.<\/p>\n<p>Uno strumento che insieme, per esempio, ai vari daspo o alle plurime misure amministrative rivolte a chi deve essere messo ai margini della societ\u00e0, sono volte a svuotare le strade, a ridurre i momenti di incontro e di lotte condivise.<\/p>\n<p>Ecco perch\u00e9 il processo contro i fatti del 15 ottobre non pu\u00f2 n\u00e9 deve riguardare solo chi si trover\u00e0 ancora in prima persona imputata in quelle aule.<\/p>\n<p>La solidariet\u00e0 \u00e8 non solo sostegno a chi vive sulla propria pelle la repressione, non lasciandolo\/a isolato\/a nel silenzio che inevitabilmente sottrae la forza e il senso di reagire rivendicando le proprie azioni. Solidariet\u00e0 \u00e8 anche assunzione, in prima persona e collettiva, di responsabilit\u00e0 per la prosecuzione delle stesse lotte, di quegli spazi di agibilit\u00e0 che vadano oltre quei paletti che sempre pi\u00f9 le forze reazionarie ci impongono e che, giorno dopo giorno, vorrebbero ridurre i nostri spazi vitali.<\/p>\n<p>Di tutto questo e non solo si \u00e8 discusso durante l\u2019incontro, del 7 settembre, che si \u00e8 tenuto al Campetto occupato di Giulianova insieme a chi il 13 settembre <strong>dovr\u00e0<\/strong> essere ancora in aula.<\/p>\n<p>Il 13 settembre l\u2019udienza presso la Corte di Appello di Roma potrebbe essere breve a causa di possibili cavilli giuridici, quali difetti di notifica e\/o altro. Ci\u00f2 nonostante durante la riunione di Giulianova alcuni e alcune delle compagne hanno manifestato la volont\u00e0 di essere presenti quella mattina, per restare vicini a chi sar\u00e0 ancora una volta giudicato\/a in quell\u2019aula e per avere cognizione di quali saranno gli sviluppi processuali.<\/p>\n<p>La cassa di solidariet\u00e0 \u201cLa Lima\u201d si impegna a contribuire, attraverso iniziative di solidariet\u00e0, al sostegno economico per coloro che sono ancora a processo per rispondere di quanto accaduto in quella giornata del 2011. L&#8217;impegno dei compagni e delle compagne considera e condivide le motivazioni che portarono, nel maggio 2016, alla chiusura della \u201ccassa di solidariet\u00e0 15 ottobre\u201d. Ma durante l\u2019incontro al Campetto occupato si \u00e8 anche condivisa l\u2019idea che, oltre al contributo economico, la solidariet\u00e0 non pu\u00f2 essere ridotta solo a pubblicazioni ed entusiastici commenti su social network, di enfatiche immagini di camionette in fiamme e scontri con le guardie.<\/p>\n<p>Si \u00e8 quindi deciso di individuare nella data 15 ottobre 2018,\u00a0<strong>in ogni citt\u00e0 e luogo<\/strong>, una giornata di sostegno attraverso le molteplici pratiche in cui ognuno e ognuna si riconosce. Un appuntamento che attesti la non rimozione di quella giornata di lotta ma che sia, al contrario, espressione dello spirito condiviso in quelle strade.<\/p>\n<p><em>I Compagni e le Compagne<\/em><\/p>\n","protected":false},"excerpt":{"rendered":"<p>Il 15 ottobre 2011 a Roma si riusc\u00ec, per una giornata, a respirare un\u2019aria diversa dalla rassegnazione alla quale sembriamo spesso ridotti\/e: in un clima generale di \u201cindignazione\u201d, si respir\u00f2 rabbia. Una giornata che vide, lo ribadiamo, migliaia di persone in piazza. Di quelle migliaia non furono certo poche quelle che decisero di rispondere alla <a href='https:\/\/www.inventati.org\/rete_evasioni\/?p=3024' class='excerpt-more'>[&#8230;]<\/a><\/p>\n","protected":false},"author":1,"featured_media":0,"comment_status":"open","ping_status":"open","sticky":false,"template":"","format":"standard","meta":[],"categories":[6,364],"tags":[407,10],"_links":{"self":[{"href":"https:\/\/www.inventati.org\/rete_evasioni\/index.php?rest_route=\/wp\/v2\/posts\/3024"}],"collection":[{"href":"https:\/\/www.inventati.org\/rete_evasioni\/index.php?rest_route=\/wp\/v2\/posts"}],"about":[{"href":"https:\/\/www.inventati.org\/rete_evasioni\/index.php?rest_route=\/wp\/v2\/types\/post"}],"author":[{"embeddable":true,"href":"https:\/\/www.inventati.org\/rete_evasioni\/index.php?rest_route=\/wp\/v2\/users\/1"}],"replies":[{"embeddable":true,"href":"https:\/\/www.inventati.org\/rete_evasioni\/index.php?rest_route=%2Fwp%2Fv2%2Fcomments&post=3024"}],"version-history":[{"count":3,"href":"https:\/\/www.inventati.org\/rete_evasioni\/index.php?rest_route=\/wp\/v2\/posts\/3024\/revisions"}],"predecessor-version":[{"id":3027,"href":"https:\/\/www.inventati.org\/rete_evasioni\/index.php?rest_route=\/wp\/v2\/posts\/3024\/revisions\/3027"}],"wp:attachment":[{"href":"https:\/\/www.inventati.org\/rete_evasioni\/index.php?rest_route=%2Fwp%2Fv2%2Fmedia&parent=3024"}],"wp:term":[{"taxonomy":"category","embeddable":true,"href":"https:\/\/www.inventati.org\/rete_evasioni\/index.php?rest_route=%2Fwp%2Fv2%2Fcategories&post=3024"},{"taxonomy":"post_tag","embeddable":true,"href":"https:\/\/www.inventati.org\/rete_evasioni\/index.php?rest_route=%2Fwp%2Fv2%2Ftags&post=3024"}],"curies":[{"name":"wp","href":"https:\/\/api.w.org\/{rel}","templated":true}]}}