{"id":3028,"date":"2018-09-11T17:11:20","date_gmt":"2018-09-11T15:11:20","guid":{"rendered":"http:\/\/www.inventati.org\/rete_evasioni\/?p=3028"},"modified":"2018-09-11T19:46:41","modified_gmt":"2018-09-11T17:46:41","slug":"appello-a-dieci-giorni-di-mobilitazione-contro-frontiere-e-razzismo-di-stato-in-occasione-del-processo-per-i-fatti-del-brennero","status":"publish","type":"post","link":"https:\/\/www.inventati.org\/rete_evasioni\/?p=3028","title":{"rendered":"Appello a dieci giorni di mobilitazione contro frontiere e razzismo di Stato in occasione del processo per i fatti del Brennero"},"content":{"rendered":"<p><a href=\"http:\/\/www.inventati.org\/rete_evasioni\/wp-content\/uploads\/2018\/09\/85162264_migrants.jpg\"><img loading=\"lazy\" class=\"alignleft size-medium wp-image-3029\" src=\"http:\/\/www.inventati.org\/rete_evasioni\/wp-content\/uploads\/2018\/09\/85162264_migrants-300x169.jpg\" alt=\"\" width=\"300\" height=\"169\" srcset=\"https:\/\/www.inventati.org\/rete_evasioni\/wp-content\/uploads\/2018\/09\/85162264_migrants-300x169.jpg 300w, https:\/\/www.inventati.org\/rete_evasioni\/wp-content\/uploads\/2018\/09\/85162264_migrants.jpg 624w\" sizes=\"(max-width: 300px) 100vw, 300px\" \/><\/a><em>Riceviamo e pubblichiamo.<br \/>\n<\/em><br \/>\nIl 12 ottobre, presso il tribunale di Bolzano, comincer\u00e0 il processo contro 63 imputati e imputate per la manifestazione Abbattere le frontiere tenutasi al Brennero il 7 maggio 2016. Si tratta del primo troncone giudiziario, a cui ne seguir\u00e0 un altro con altrettanti imputati. Nel frattempo, gli arrestati durante il corteo del 2016 a cui \u00e8 stato fatto il processo d&#8217;appello si sono visti confermare la condanna a un anno e due mesi.<br \/>\nSi pu\u00f2 dire che il motivo per cui siamo andati al Brennero quel giorno \u00e8 decisamente, tragicamente attuale. Allo stesso tempo, visto quello che sta succedendo attorno a noi, l\u2019importanza di questa scadenza repressiva impallidisce alquanto. Se ci\u00f2 che ci rivendichiamo \u00e8 lo spirito con cui in centinaia siamo andati al Brennero, vorremmo fare anche del processo un\u2019occasione di lotta contro le frontiere sempre pi\u00f9 assassine e contro un razzismo di Stato che non ha mai incontrato, se non negli anni Trenta, un simile consenso sociale.<br \/>\nNon servono molte parole per sottolineare quanto sia necessario e urgente agire contro questa ondata reazionaria. Ai campi di concentramento, alla segregazione istituzionale e allo sfruttamento spinto fino alla semi-schiavit\u00f9, si accompagna uno stillicidio di aggressioni contro gli immigrati. Siamo ormai al tiro al bersaglio fomentato, legittimato, normalizzato. Difficilmente si potrebbe immaginare una pi\u00f9 ignobile (quanto funzionale a padroni e governanti) parodia dello scontro di classe. \u00c8 come se la rassegnazione e la sottomissione con cui un\u2019ampia parte della societ\u00e0 ha accettato tre decenni di attacchi capitalistici si raggrumasse nel rancore verso l\u2019immigrato, delegando al ducetto di turno la maniera forte. Se nazionalismo e razzismo, vecchi ami avvelenati a cui sempre pi\u00f9 sfruttati abboccano, non trovano in fretta decisi sbarramenti, infetteranno a lungo le anime morte prodotte da questa meravigliosa democrazia. Educati a pane e tolleranza verso l\u2019intollerabile (tanto tutto \u00e8 opinione, no?), eccoci qua.<br \/>\nE noi?<br \/>\nL\u2019epoca che richiede alle minoranze ribelli quelle drastiche opzioni di cui parlava uno storico partigiano non \u00e8 dietro, ma davanti a noi. \u00c8 qui. Sta salendo giorno dopo giorno.<br \/>\nNel periodo che va dal 10 al 20 ottobre, l\u2019iniziativa, l\u2019azione e la rabbia contro ci\u00f2 e chi fomenta tutto questo potrebbe convergere nel tempo e diffondersi nello spazio. C\u2019\u00e8 bisogno di dare dei segnali, di darsi spunti e coraggio (nonch\u00e9 esprimere solidariet\u00e0 ai processati per gli scontri del Brennero).<\/p>\n<p><em>Abbattere le frontiere<\/em><\/p>\n","protected":false},"excerpt":{"rendered":"<p>Riceviamo e pubblichiamo. Il 12 ottobre, presso il tribunale di Bolzano, comincer\u00e0 il processo contro 63 imputati e imputate per la manifestazione Abbattere le frontiere tenutasi al Brennero il 7 maggio 2016. Si tratta del primo troncone giudiziario, a cui ne seguir\u00e0 un altro con altrettanti imputati. Nel frattempo, gli arrestati durante il corteo del <a href='https:\/\/www.inventati.org\/rete_evasioni\/?p=3028' class='excerpt-more'>[&#8230;]<\/a><\/p>\n","protected":false},"author":1,"featured_media":0,"comment_status":"open","ping_status":"open","sticky":false,"template":"","format":"standard","meta":[],"categories":[196,38,444,7],"tags":[],"_links":{"self":[{"href":"https:\/\/www.inventati.org\/rete_evasioni\/index.php?rest_route=\/wp\/v2\/posts\/3028"}],"collection":[{"href":"https:\/\/www.inventati.org\/rete_evasioni\/index.php?rest_route=\/wp\/v2\/posts"}],"about":[{"href":"https:\/\/www.inventati.org\/rete_evasioni\/index.php?rest_route=\/wp\/v2\/types\/post"}],"author":[{"embeddable":true,"href":"https:\/\/www.inventati.org\/rete_evasioni\/index.php?rest_route=\/wp\/v2\/users\/1"}],"replies":[{"embeddable":true,"href":"https:\/\/www.inventati.org\/rete_evasioni\/index.php?rest_route=%2Fwp%2Fv2%2Fcomments&post=3028"}],"version-history":[{"count":2,"href":"https:\/\/www.inventati.org\/rete_evasioni\/index.php?rest_route=\/wp\/v2\/posts\/3028\/revisions"}],"predecessor-version":[{"id":3037,"href":"https:\/\/www.inventati.org\/rete_evasioni\/index.php?rest_route=\/wp\/v2\/posts\/3028\/revisions\/3037"}],"wp:attachment":[{"href":"https:\/\/www.inventati.org\/rete_evasioni\/index.php?rest_route=%2Fwp%2Fv2%2Fmedia&parent=3028"}],"wp:term":[{"taxonomy":"category","embeddable":true,"href":"https:\/\/www.inventati.org\/rete_evasioni\/index.php?rest_route=%2Fwp%2Fv2%2Fcategories&post=3028"},{"taxonomy":"post_tag","embeddable":true,"href":"https:\/\/www.inventati.org\/rete_evasioni\/index.php?rest_route=%2Fwp%2Fv2%2Ftags&post=3028"}],"curies":[{"name":"wp","href":"https:\/\/api.w.org\/{rel}","templated":true}]}}