{"id":3112,"date":"2019-02-08T18:32:38","date_gmt":"2019-02-08T17:32:38","guid":{"rendered":"http:\/\/www.inventati.org\/rete_evasioni\/?p=3112"},"modified":"2019-02-08T18:32:38","modified_gmt":"2019-02-08T17:32:38","slug":"torino-7-febbraio-2019-solidarieta-attiva-rispondiamo-agli-attacchi-del-nemico","status":"publish","type":"post","link":"https:\/\/www.inventati.org\/rete_evasioni\/?p=3112","title":{"rendered":"TORINO, 7 FEBBRAIO 2019. SOLIDARIET\u00c0 ATTIVA: RISPONDIAMO AGLI ATTACCHI DEL NEMICO"},"content":{"rendered":"<p><a href=\"http:\/\/www.inventati.org\/rete_evasioni\/wp-content\/uploads\/2019\/02\/sgombero.jpg\"><img loading=\"lazy\" class=\"alignleft  wp-image-3113\" src=\"http:\/\/www.inventati.org\/rete_evasioni\/wp-content\/uploads\/2019\/02\/sgombero-300x200.jpg\" alt=\"\" width=\"354\" height=\"236\" srcset=\"https:\/\/www.inventati.org\/rete_evasioni\/wp-content\/uploads\/2019\/02\/sgombero-300x200.jpg 300w, https:\/\/www.inventati.org\/rete_evasioni\/wp-content\/uploads\/2019\/02\/sgombero-768x512.jpg 768w, https:\/\/www.inventati.org\/rete_evasioni\/wp-content\/uploads\/2019\/02\/sgombero.jpg 990w\" sizes=\"(max-width: 354px) 100vw, 354px\" \/><\/a>Gioved\u00ec 7 Febbraio 2019: la polizia entra all&#8217;Asilo occupato di Torino con l&#8217;intento di chiudere un altro spazio di libert\u00e0 e di conflitto,con un mandato di cattura a carico di alcuni compagni e compagne attive da anni nella lotta contro il sistema dei lager di stato conosciuti come C.P.R.<br \/>\nI reati contestati sembrerebbero essere per tutti\/e l\u2019associazione sovversiva e, a vario titolo, l\u2019istigazione a delinquere, la detenzione, la fabbricazione e il porto di ordigni esplosivi.<\/p>\n<p>Gioved\u00ec 7 Febbraio \u00e8 un nuovo giorno di attacco nell&#8217;offensiva dello Stato contro gli sfruttati e chi si ribella. Pochi giorni dopo l&#8217;indegna sfilata di capitan coraggio vestito da playmobil ai cantieri del TAV, il ministero del terrore mette in scena un\u2019altra giornata di plotoni schierati, di manette che tintinnano, di quartieri militarizzati. Come a Giambellino, come a Cosenza un mese fa, l&#8217;obiettivo \u00e8 quello di estirpare chiunque in questo paese possa rappresentare un&#8217;alternativa alla disperazione e alla rassegnazione. Colpire chi rappresenta un reale ostacolo al dilagare della macchina della paura con la quale si vuole spianare sempre di pi\u00f9 la strada al dominio delle mafie padronali, agli<br \/>\ninteressi speculativi dei soliti signor Lavazza e Benetton, al tripudio della schiuma dei nuovi Signori in gialloverde.<\/p>\n<p>L&#8217;Asilo rappresenta infatti un problema per chi da anni vuole fare del quartiere di Aurora e limitrofi un nuovo parco giochi per i grandi immobiliaristi, per chi parlando di riqualificazione sottrae un pezzo di citt\u00e0 ai suoi abitanti per regalarlo alle logiche del profitto. Anni di lotte contro gli sfratti e gli sgomberi, anni di resistenza alle retate contro i\/le migranti, anni di sostegno incondizionato a chi \u00e8 stato privato\/a della libert\u00e0. Anni di repressione, che non ha mai piegato i compagni e le compagne che hanno sempre resistito.<\/p>\n<p>Nello stesso tempo si fa scattare l&#8217;ennesima operazione per 270: l&#8217;associazione sovversiva. Che chi combatta questo sistema non abbia difficolt\u00e0 a riconoscersi nella finalit\u00e0 di sovvertire questo regime \u00e8 cosa pacifica. Sappiamo tuttavia che l\u2019art. 270, al pari di altri strumenti di cui lo stato si dota, viene adoperato ad hoc da questure e tribunali come arma per colpire le realt\u00e0 in lotta. E chi da anni si spende nelle strade, e non solo per denunciare e colpire gli interessi che dietro il sistema dei rimpatri e delle espulsioni ha rappresentato l&#8217;innesto del progressivo imbarbarimento della coscienza pubblica nei confronti dell&#8217;immigrato, del \u201cdiverso\u201d, dello \u201cstraniero\u201d, \u00e8 il primo obiettivo del nemico. Crediamo che l&#8217;attacco della procura di Torino non sia per\u00f2 un fatto isolato e rappresenti il segno di una fase<br \/>\nin cui ogni forma di resistenza \u00e8 nel mirino.<\/p>\n<p>Crediamo anche che ogni giorno sia pi\u00f9 urgente mettere in piedi la risposta al sistema dei vecchi e nuovi padroni. Viviamo circondati dall&#8217;orrore: morti in mare salutati con esultanza, persone uccise in strada dalla polizia, spari su chi ha la pelle di un colore diverso dal pallore occidentale, il sistema della schiavit\u00f9 sempre meglio regolamentato e legittimato, il regno del falso che ogni giorno riscrive una pagina di surrealt\u00e0 in cui annegare le coscienze e gli intelletti delle persone.<\/p>\n<p>Chiediamo a tutti e tutte, e a noi per primi, un sussulto di dignit\u00e0 e di rabbia.<\/p>\n<p>Chiediamo a tutti e tutte di farsi carico pienamente di ci\u00f2 che significa solidariet\u00e0: sentirsi parte lesa quando colpiscono una parte della tua classe; farsi carico del peso e delle difficolt\u00e0 che chi lotta al tuo fianco non pu\u00f2 pi\u00f9 reggere. La solidariet\u00e0 \u00e8 rivoluzionaria solo se \u00e8 reale, e una rivoluzione pu\u00f2 divenire reale<br \/>\nsolo se fondata sulla solidariet\u00e0.<\/p>\n<p>Parteciperemo al presidio di Domenica 10 Febbraio al CPR di Ponte Galeria, e invitiamo tutti e tutte a farlo, per affiancare chi da anni prende parte a questa lotta, e perch\u00e9 l&#8217;attacco ai compagni e alle compagne di Torino \u00e8 anche un attacco a chi vive sulla propria pelle l&#8217;oltraggio a cui queste\/i si sono sempre opposti, con coraggio e generosit\u00e0.<\/p>\n<p>Domenica 10 febbraio scendiamo in strada, portiamo solidariet\u00e0 alle recluse nel CPR di Ponte Galeria, guardiamoci in faccia e costruiamo insieme una risposta.<\/p>\n<p>Salutiamo con orgoglio la resistenza messa in campo a Torino.<br \/>\nCol pensiero vivo alle compagne e i compagni che in queste ore vengono consegnati nelle mani dei carcerieri.<br \/>\nCol pensiero vivo a tutte e tutti quelli gi\u00e0 ostaggio dello stato.<\/p>\n<p>Tutte libere, tutti liberi.<\/p>\n<p>NED-PSM<br \/>\nRete Evasioni<\/p>\n","protected":false},"excerpt":{"rendered":"<p>Gioved\u00ec 7 Febbraio 2019: la polizia entra all&#8217;Asilo occupato di Torino con l&#8217;intento di chiudere un altro spazio di libert\u00e0 e di conflitto,con un mandato di cattura a carico di alcuni compagni e compagne attive da anni nella lotta contro il sistema dei lager di stato conosciuti come C.P.R. I reati contestati sembrerebbero essere per <a href='https:\/\/www.inventati.org\/rete_evasioni\/?p=3112' class='excerpt-more'>[&#8230;]<\/a><\/p>\n","protected":false},"author":1,"featured_media":0,"comment_status":"open","ping_status":"open","sticky":false,"template":"","format":"standard","meta":[],"categories":[14,116,158,1],"tags":[],"_links":{"self":[{"href":"https:\/\/www.inventati.org\/rete_evasioni\/index.php?rest_route=\/wp\/v2\/posts\/3112"}],"collection":[{"href":"https:\/\/www.inventati.org\/rete_evasioni\/index.php?rest_route=\/wp\/v2\/posts"}],"about":[{"href":"https:\/\/www.inventati.org\/rete_evasioni\/index.php?rest_route=\/wp\/v2\/types\/post"}],"author":[{"embeddable":true,"href":"https:\/\/www.inventati.org\/rete_evasioni\/index.php?rest_route=\/wp\/v2\/users\/1"}],"replies":[{"embeddable":true,"href":"https:\/\/www.inventati.org\/rete_evasioni\/index.php?rest_route=%2Fwp%2Fv2%2Fcomments&post=3112"}],"version-history":[{"count":1,"href":"https:\/\/www.inventati.org\/rete_evasioni\/index.php?rest_route=\/wp\/v2\/posts\/3112\/revisions"}],"predecessor-version":[{"id":3114,"href":"https:\/\/www.inventati.org\/rete_evasioni\/index.php?rest_route=\/wp\/v2\/posts\/3112\/revisions\/3114"}],"wp:attachment":[{"href":"https:\/\/www.inventati.org\/rete_evasioni\/index.php?rest_route=%2Fwp%2Fv2%2Fmedia&parent=3112"}],"wp:term":[{"taxonomy":"category","embeddable":true,"href":"https:\/\/www.inventati.org\/rete_evasioni\/index.php?rest_route=%2Fwp%2Fv2%2Fcategories&post=3112"},{"taxonomy":"post_tag","embeddable":true,"href":"https:\/\/www.inventati.org\/rete_evasioni\/index.php?rest_route=%2Fwp%2Fv2%2Ftags&post=3112"}],"curies":[{"name":"wp","href":"https:\/\/api.w.org\/{rel}","templated":true}]}}