{"id":3173,"date":"2019-03-28T20:18:24","date_gmt":"2019-03-28T19:18:24","guid":{"rendered":"http:\/\/www.inventati.org\/rete_evasioni\/?p=3173"},"modified":"2019-03-28T20:18:24","modified_gmt":"2019-03-28T19:18:24","slug":"la-repressione-non-ferma-le-lotte","status":"publish","type":"post","link":"https:\/\/www.inventati.org\/rete_evasioni\/?p=3173","title":{"rendered":"La repressione non ferma le lotte"},"content":{"rendered":"<p><em>Riceviamo e pubblichiamo.<\/em><\/p>\n<div class=\"single-post-content\">\n<p>Che i tempi siano di guerra lo dimostrano da anni i fatti. \u00a0Ma il passo \u00e8 cambiato e da qualche mese anche le parole, una volta usate come cortina fumogena, per confondere e sbiadire questa \u201codiosa\u201d realt\u00e0, si sono allineate e sono diventate parole di guerra.<br \/>\nLe parole usate dalle \u201cistituzioni democratiche\u201d per definire gli arrestati dopo lo sgombero dell\u2019 Asilo occupato di Torino e dell\u2019Operazione Scintilla o quelle usate per \u201craccontare\u201d gli arrestati di Trento (Operazione Renata) o ancora il processo Scripta Manent, sono tutte parole di uno stato eccezionale, militari. Gli anarchici sono terroristi o prigionieri. Ecco l\u2019identikit di chi si oppone mentre la guerra, da tempo, \u00e8 entrata nella testa e nella vita di tutti, come una \u201crealt\u00e0 normale, ineluttabile, giusta\u201d. Le parole usate sono semplici e ripetute all\u2019infinito, non danno scampo: gli italiani sono invasi, i migranti criminali, i morti nel Mediterraneo numeri, chi si ribella terrorista. La complessit\u00e0 della realt\u00e0 \u00e8 annullata, le immagini e le narrazioni di politici e giornalisti appiattiscono tutto attraverso l\u2019uso massiccio dei social e attraverso una becera propaganda vuota e superficiale.<br \/>\nCos\u00ec \u00e8 tutto molto lineare, non si fa fatica ad avere queste idee nella testa e a proiettarle nel mondo mentre lo si guarda.<br \/>\nUn decreto sicurezza dopo l\u2019altro, a firma di tutti i Governi succedutisi in Italia in oltre un decennio, hanno fatto entrare nel nostro panorama quotidiano sbirri ed eserciti nelle citt\u00e0, muri e fili spinati intorno a cantieri o a quanto viene definito obbiettivo sensibile e\/o strategico per l\u2019economia, blindati nei quartieri dove ci sono sfratti e sgomberi.<br \/>\nPer chi ha con forza tentato di opporsi alla \u201cdemocrazia\u201d dei lager per stranieri o all\u2019impoverimento di ampie fasce di popolazione; per chi ha indicato chiaramente chi sono i veri responsabili del disastro della nostra societ\u00e0 non restano che le misure repressive nelle sue varie forme: dalle inchieste giudiziarie, che tanto servono per le carriere di Digos e Pubblici Ministeri fino alle sorveglianze speciali e fogli di via.<\/p>\n<p>Per l\u2019interruzione dell\u2019udienza Scripta Manent dell\u201911 febbraio scorso, dove il boia Sparagna ha richiesto 250 anni di carcere, il Questore di Torino ha emanato fin\u2019ora pi\u00f9 di 30 fogli di via. Il messaggio \u00e8 chiaro: dalla Torino della sindaca Appendino, ricca bocconiana, che si permette di parlare di antifascismo mentre i suoi \u201crisultati\u201d in citt\u00e0 sembrano pi\u00f9 che altro un bollettino di guerra, chi protesta e lotta deve andarsene.<br \/>\nPer questo vi diciamo : TORNEREMO e saremo a Torino al corteo del 30 marzo.<br \/>\nPerch\u00e8 ci ricordiamo bene che avete usato le stesse parole e gli stessi mezzi contro i nostri compagni Edoardo Massari e Soledad Rosas come contro tanti altri. Perch\u00e8 il vostro mondo costruito sulla sopraffazione e sulla pacificazione sociale, la vostra democrazia esportata a suon di bombe non ci appartiene e non ci abbiamo mai creduto!<br \/>\nContinueremo a turbare l\u2019ordine e la millantata normalit\u00e0, mai smetteremo di essere solidali e di resistere agli attacchi della repressione! Continueremo a farlo a Torino e ovunque!<\/p>\n<div class=\"readoffline-embed\">\n<div><\/div>\n<\/div>\n<\/div>\n","protected":false},"excerpt":{"rendered":"<p>Riceviamo e pubblichiamo. Che i tempi siano di guerra lo dimostrano da anni i fatti. \u00a0Ma il passo \u00e8 cambiato e da qualche mese anche le parole, una volta usate come cortina fumogena, per confondere e sbiadire questa \u201codiosa\u201d realt\u00e0, si sono allineate e sono diventate parole di guerra. Le parole usate dalle \u201cistituzioni democratiche\u201d <a href='https:\/\/www.inventati.org\/rete_evasioni\/?p=3173' class='excerpt-more'>[&#8230;]<\/a><\/p>\n","protected":false},"author":1,"featured_media":0,"comment_status":"open","ping_status":"open","sticky":false,"template":"","format":"standard","meta":[],"categories":[17],"tags":[],"_links":{"self":[{"href":"https:\/\/www.inventati.org\/rete_evasioni\/index.php?rest_route=\/wp\/v2\/posts\/3173"}],"collection":[{"href":"https:\/\/www.inventati.org\/rete_evasioni\/index.php?rest_route=\/wp\/v2\/posts"}],"about":[{"href":"https:\/\/www.inventati.org\/rete_evasioni\/index.php?rest_route=\/wp\/v2\/types\/post"}],"author":[{"embeddable":true,"href":"https:\/\/www.inventati.org\/rete_evasioni\/index.php?rest_route=\/wp\/v2\/users\/1"}],"replies":[{"embeddable":true,"href":"https:\/\/www.inventati.org\/rete_evasioni\/index.php?rest_route=%2Fwp%2Fv2%2Fcomments&post=3173"}],"version-history":[{"count":1,"href":"https:\/\/www.inventati.org\/rete_evasioni\/index.php?rest_route=\/wp\/v2\/posts\/3173\/revisions"}],"predecessor-version":[{"id":3174,"href":"https:\/\/www.inventati.org\/rete_evasioni\/index.php?rest_route=\/wp\/v2\/posts\/3173\/revisions\/3174"}],"wp:attachment":[{"href":"https:\/\/www.inventati.org\/rete_evasioni\/index.php?rest_route=%2Fwp%2Fv2%2Fmedia&parent=3173"}],"wp:term":[{"taxonomy":"category","embeddable":true,"href":"https:\/\/www.inventati.org\/rete_evasioni\/index.php?rest_route=%2Fwp%2Fv2%2Fcategories&post=3173"},{"taxonomy":"post_tag","embeddable":true,"href":"https:\/\/www.inventati.org\/rete_evasioni\/index.php?rest_route=%2Fwp%2Fv2%2Ftags&post=3173"}],"curies":[{"name":"wp","href":"https:\/\/api.w.org\/{rel}","templated":true}]}}