{"id":3336,"date":"2019-06-21T17:50:04","date_gmt":"2019-06-21T15:50:04","guid":{"rendered":"http:\/\/www.inventati.org\/rete_evasioni\/?p=3336"},"modified":"2019-06-21T22:19:00","modified_gmt":"2019-06-21T20:19:00","slug":"domenica-23-giugno-h-1500-presidio-al-carcere-di-preturo-aq","status":"publish","type":"post","link":"https:\/\/www.inventati.org\/rete_evasioni\/?p=3336","title":{"rendered":"Domenica 23 giugno- TUTTE E TUTTI A L\u2019AQUILA, ANCORA UNA VOLTA &#8211; Presidio al carcere di Preturo (AQ)"},"content":{"rendered":"<p><strong><a href=\"http:\/\/www.inventati.org\/rete_evasioni\/wp-content\/uploads\/2019\/06\/image_2019-06-20_17-03-32.png\"><img loading=\"lazy\" class=\"alignleft wp-image-3337\" src=\"http:\/\/www.inventati.org\/rete_evasioni\/wp-content\/uploads\/2019\/06\/image_2019-06-20_17-03-32-675x1024.png\" alt=\"\" width=\"396\" height=\"601\" srcset=\"https:\/\/www.inventati.org\/rete_evasioni\/wp-content\/uploads\/2019\/06\/image_2019-06-20_17-03-32-675x1024.png 675w, https:\/\/www.inventati.org\/rete_evasioni\/wp-content\/uploads\/2019\/06\/image_2019-06-20_17-03-32-198x300.png 198w, https:\/\/www.inventati.org\/rete_evasioni\/wp-content\/uploads\/2019\/06\/image_2019-06-20_17-03-32-768x1165.png 768w, https:\/\/www.inventati.org\/rete_evasioni\/wp-content\/uploads\/2019\/06\/image_2019-06-20_17-03-32.png 844w\" sizes=\"(max-width: 396px) 100vw, 396px\" \/><\/a>DOMENICA 23 GIUGNO \u2013 ORE 15:00<\/strong><br \/>\n<strong>TUTTE E TUTTI A L\u2019AQUILA, ANCORA UNA VOLTA!<\/strong><br \/>\n<strong>PRESIDIO AL CARCERE DI PRETURO<\/strong><\/p>\n<p>Anna e Silvia, anarchiche rinchiuse nella sezione di Alta Sicurezza 2 del carcere di Preturo, il 29 maggio hanno intrapreso uno sciopero della fame.<\/p>\n<p>Chiedono il trasferimento in un altro carcere e la chiusura della sezione A.S.2 de l&#8217;Aquila.<\/p>\n<p>Altre anarchiche ed altri anarchici prigioniere\/i le hanno affiancate in questa lotta entrando a loro volta in sciopero della fame nelle carceri di Ferrara, Alessandria, Sollicciano (Firenze), Lucca, Uta (Cagliari).<\/p>\n<p>Numerose azioni di solidariet\u00e0 sono state compiute in Italia e in altri paesi.<\/p>\n<p>Ora tutti sanno che il trattamento a cui le due compagne sono sottoposte nel super-carcere de L\u2019Aquila \u00e8 emanazione diretta delle regole imposte nelle sezioni immediatamente prossime alla loro, quelle a regime di 41bis, che qui <em>contengono<\/em> circa 150 persone.<br \/>\nOra tutti sanno che il regime di 41bis regolamentato dal D.A.P. per conto del Ministero della Giustizia dello Stato Italiano istituzionalizza la tortura.<\/p>\n<p>La notizia della prosecuzione dello sciopero della fame, in seguito ad alcune azioni che hanno costretto media e TG a parlarne, ha raggiunto anche le celle del 41bis del carcere di Preturo. Luned\u00ec 17 giugno \u00e8 iniziata una battitura nella sezione femminile, che \u00e8 andata avanti nei giorni, per la durata di mezz\u2019ora. La sua eco \u00e8 arrivata fino alle sezioni di 41bis maschili, dove si \u00e8 rafforzata, perch\u00e9 altri detenuti hanno iniziato a battere sulle sbarre.<\/p>\n<p>Il 20 giugno, un\u2019altra anarchica \u00e8 stata portata nella stessa sezione A.S.2 per la cui chiusura Silvia, Anna, gli altri &#8211; tra cui Marco e Alfredo anche loro ancora in sciopero della fame &#8211; e noi tutti\/e ci stiamo battendo. Si tratta di Natasha, arrestata un mese fa in Francia, portata a Roma-Rebibbia in seguito all\u2019estradizione e tradotta infine nel carcere de L\u2019Aquila.<\/p>\n<p>Al suo arrivo ha formalizzato la sua adesione allo sciopero della fame in corso, iniziato da lei due giorni prima a Rebibbia.<\/p>\n<p>Il medico che da settimane sta facendo richiesta di entrare a visitare Silvia e Anna non ha ancora ricevuto l&#8217;autorizzazione.<\/p>\n<p><strong>Alla 4\u00b0 settimana di sciopero della fame dobbiamo, e vogliamo, tornare sotto le mura del carcere de L\u2019Aquila.<\/strong><br \/>\n<strong>Al fianco delle nostre compagne. Al fianco di tutti e tutte le detenute in lotta.<br \/>\n<\/strong><br \/>\n<em>I Compagni e le Compagne<\/em><br \/>\n<em>21 giugno 2019<\/em><\/p>\n","protected":false},"excerpt":{"rendered":"<p>DOMENICA 23 GIUGNO \u2013 ORE 15:00 TUTTE E TUTTI A L\u2019AQUILA, ANCORA UNA VOLTA! PRESIDIO AL CARCERE DI PRETURO Anna e Silvia, anarchiche rinchiuse nella sezione di Alta Sicurezza 2 del carcere di Preturo, il 29 maggio hanno intrapreso uno sciopero della fame. Chiedono il trasferimento in un altro carcere e la chiusura della sezione <a href='https:\/\/www.inventati.org\/rete_evasioni\/?p=3336' class='excerpt-more'>[&#8230;]<\/a><\/p>\n","protected":false},"author":1,"featured_media":0,"comment_status":"open","ping_status":"open","sticky":false,"template":"","format":"standard","meta":[],"categories":[309,38,14],"tags":[349,285,472,176],"_links":{"self":[{"href":"https:\/\/www.inventati.org\/rete_evasioni\/index.php?rest_route=\/wp\/v2\/posts\/3336"}],"collection":[{"href":"https:\/\/www.inventati.org\/rete_evasioni\/index.php?rest_route=\/wp\/v2\/posts"}],"about":[{"href":"https:\/\/www.inventati.org\/rete_evasioni\/index.php?rest_route=\/wp\/v2\/types\/post"}],"author":[{"embeddable":true,"href":"https:\/\/www.inventati.org\/rete_evasioni\/index.php?rest_route=\/wp\/v2\/users\/1"}],"replies":[{"embeddable":true,"href":"https:\/\/www.inventati.org\/rete_evasioni\/index.php?rest_route=%2Fwp%2Fv2%2Fcomments&post=3336"}],"version-history":[{"count":4,"href":"https:\/\/www.inventati.org\/rete_evasioni\/index.php?rest_route=\/wp\/v2\/posts\/3336\/revisions"}],"predecessor-version":[{"id":3340,"href":"https:\/\/www.inventati.org\/rete_evasioni\/index.php?rest_route=\/wp\/v2\/posts\/3336\/revisions\/3340"}],"wp:attachment":[{"href":"https:\/\/www.inventati.org\/rete_evasioni\/index.php?rest_route=%2Fwp%2Fv2%2Fmedia&parent=3336"}],"wp:term":[{"taxonomy":"category","embeddable":true,"href":"https:\/\/www.inventati.org\/rete_evasioni\/index.php?rest_route=%2Fwp%2Fv2%2Fcategories&post=3336"},{"taxonomy":"post_tag","embeddable":true,"href":"https:\/\/www.inventati.org\/rete_evasioni\/index.php?rest_route=%2Fwp%2Fv2%2Ftags&post=3336"}],"curies":[{"name":"wp","href":"https:\/\/api.w.org\/{rel}","templated":true}]}}