{"id":3387,"date":"2019-09-14T10:05:47","date_gmt":"2019-09-14T08:05:47","guid":{"rendered":"http:\/\/www.inventati.org\/rete_evasioni\/?p=3387"},"modified":"2019-09-14T10:05:47","modified_gmt":"2019-09-14T08:05:47","slug":"roma-19-settembre-nuova-udienza-del-processo-15-ottobre-e-assemblea","status":"publish","type":"post","link":"https:\/\/www.inventati.org\/rete_evasioni\/?p=3387","title":{"rendered":"Roma &#8211; 19 settembre: nuova udienza del processo 15 ottobre e assemblea"},"content":{"rendered":"<div id=\"js_qt\" class=\"_5pbx userContent _3576\" data-testid=\"post_message\" data-ft=\"{&quot;tn&quot;:&quot;K&quot;}\">\n<p><a href=\"http:\/\/www.inventati.org\/rete_evasioni\/wp-content\/uploads\/2019\/09\/70557437_432757924014561_6572754444964855808_n.jpg\"><img loading=\"lazy\" class=\"alignleft size-medium wp-image-3388\" src=\"http:\/\/www.inventati.org\/rete_evasioni\/wp-content\/uploads\/2019\/09\/70557437_432757924014561_6572754444964855808_n-300x199.jpg\" alt=\"\" width=\"300\" height=\"199\" srcset=\"https:\/\/www.inventati.org\/rete_evasioni\/wp-content\/uploads\/2019\/09\/70557437_432757924014561_6572754444964855808_n-300x199.jpg 300w, https:\/\/www.inventati.org\/rete_evasioni\/wp-content\/uploads\/2019\/09\/70557437_432757924014561_6572754444964855808_n.jpg 620w\" sizes=\"(max-width: 300px) 100vw, 300px\" \/><\/a>Il 19 settembre, alla corte d&#8217;appello di Roma, si terr\u00e0 l&#8217;ennesima udienza del processo contro chi era in piazza con noi il 15 ottobre 2011.<br \/>\nIn quella data si capir\u00e0 il tempo che ci separa dalla sentenza di secondo grado.<br \/>\n\u00c8 nostra intenzione costruire una mobilitazione che possa dare forza a chi \u00e8 sotto processo per il 15 ottobre, a Vincenzo, arrestato per il G8 di Genova 2001, e a tutte e tutti noi.<\/p>\n<p>I recenti decreti sicurezza attaccano, con ancora pi\u00f9 ferocia, gli\/le esclusi\/e e le lotte, necessaria fonte di ossigeno che dobbiamo alimentare.<\/p>\n<p>Il 19 settembre mattina saremo in aula al fianco dei nostri compagni e delle nostre compagne.<\/p>\n<p>Invitiamo tutte e tutti a esserci e a partecipare all&#8217;assemblea che si terr\u00e0 il giorno stesso alle ore 16:00 a BAM, in via dei Castani 42 (Roma), per decidere insieme che passi fare per non lasciare nessuno\/a solo\/a nelle mani dello Stato.<\/p>\n<p><em>Rete Evasioni<\/em><\/p>\n<\/div>\n","protected":false},"excerpt":{"rendered":"<p>Il 19 settembre, alla corte d&#8217;appello di Roma, si terr\u00e0 l&#8217;ennesima udienza del processo contro chi era in piazza con noi il 15 ottobre 2011. In quella data si capir\u00e0 il tempo che ci separa dalla sentenza di secondo grado. \u00c8 nostra intenzione costruire una mobilitazione che possa dare forza a chi \u00e8 sotto processo <a href='https:\/\/www.inventati.org\/rete_evasioni\/?p=3387' class='excerpt-more'>[&#8230;]<\/a><\/p>\n","protected":false},"author":1,"featured_media":0,"comment_status":"open","ping_status":"open","sticky":false,"template":"","format":"standard","meta":[],"categories":[38],"tags":[407,340,373,488,259,72],"_links":{"self":[{"href":"https:\/\/www.inventati.org\/rete_evasioni\/index.php?rest_route=\/wp\/v2\/posts\/3387"}],"collection":[{"href":"https:\/\/www.inventati.org\/rete_evasioni\/index.php?rest_route=\/wp\/v2\/posts"}],"about":[{"href":"https:\/\/www.inventati.org\/rete_evasioni\/index.php?rest_route=\/wp\/v2\/types\/post"}],"author":[{"embeddable":true,"href":"https:\/\/www.inventati.org\/rete_evasioni\/index.php?rest_route=\/wp\/v2\/users\/1"}],"replies":[{"embeddable":true,"href":"https:\/\/www.inventati.org\/rete_evasioni\/index.php?rest_route=%2Fwp%2Fv2%2Fcomments&post=3387"}],"version-history":[{"count":1,"href":"https:\/\/www.inventati.org\/rete_evasioni\/index.php?rest_route=\/wp\/v2\/posts\/3387\/revisions"}],"predecessor-version":[{"id":3389,"href":"https:\/\/www.inventati.org\/rete_evasioni\/index.php?rest_route=\/wp\/v2\/posts\/3387\/revisions\/3389"}],"wp:attachment":[{"href":"https:\/\/www.inventati.org\/rete_evasioni\/index.php?rest_route=%2Fwp%2Fv2%2Fmedia&parent=3387"}],"wp:term":[{"taxonomy":"category","embeddable":true,"href":"https:\/\/www.inventati.org\/rete_evasioni\/index.php?rest_route=%2Fwp%2Fv2%2Fcategories&post=3387"},{"taxonomy":"post_tag","embeddable":true,"href":"https:\/\/www.inventati.org\/rete_evasioni\/index.php?rest_route=%2Fwp%2Fv2%2Ftags&post=3387"}],"curies":[{"name":"wp","href":"https:\/\/api.w.org\/{rel}","templated":true}]}}