{"id":3396,"date":"2019-09-27T17:59:26","date_gmt":"2019-09-27T15:59:26","guid":{"rendered":"http:\/\/www.inventati.org\/rete_evasioni\/?p=3396"},"modified":"2019-09-27T17:59:26","modified_gmt":"2019-09-27T15:59:26","slug":"sulle-perquisizioni-a-seguito-dellarresto-di-vincenzo","status":"publish","type":"post","link":"https:\/\/www.inventati.org\/rete_evasioni\/?p=3396","title":{"rendered":"Sulle perquisizioni a seguito dell&#8217;arresto di Vincenzo"},"content":{"rendered":"<p>riceviamo e pubblichiamo<\/p>\n<p align=\"CENTER\"><span style=\"color: #000000;\"><span style=\"font-family: Roboto, Tahoma, sans-serif;\"><span style=\"font-size: medium;\"><strong>COMUNICATO PERQUISIZIONE 9 AGOSTO 2019<\/strong> <\/span><\/span><\/span><\/p>\n<p align=\"JUSTIFY\"><span style=\"color: #000000;\"><span style=\"font-family: Roboto, Tahoma, sans-serif;\"><span style=\"font-size: medium;\">L\u20198 agosto 2019 Vincenzo viene arrestato in un piccolo paese vicino a Rochefort en Terre mentre stava lavorando. <\/span><\/span><\/span><\/p>\n<p align=\"JUSTIFY\"><span style=\"color: #000000;\"><span style=\"font-family: Roboto, Tahoma, sans-serif;\"><span style=\"font-size: medium;\">Il 9 agosto la casa dove vivo con mia figlia a Milano viene sottoposta a perquisizione da parte della \u201cDivisione Investigazioni Generali Operazioni Speciali \u2013 Sezione antiterrorismo interno\u201d della Questura di Milano. L\u2019operazione parte intorno alle 13.00 quando i poliziotti intercettano la cat-sitter che stava scendendo al pianterreno con l\u2019ascensore. La obbligano a risalire e le chiedono di aprire la porta, avendo lei le chiavi. La signora si rifiuta dicendo che lei ha un accordo con me e che non sa neppure chi siano loro che nel frattempo avevano indossato i cappucci sul volto. Lei ha fatto notare che in Brasile, suo paese di origine, di solito chi si presenta cos\u00ec vestito \u00e8 un \u201cbrigante\u201d. Loro sono cos\u00ec costretti ad aprire autonomamente la mia abitazione. <\/span><\/span><\/span><\/p>\n<p align=\"JUSTIFY\"><span style=\"color: #000000;\"><span style=\"font-family: Roboto, Tahoma, sans-serif;\"><span style=\"font-size: medium;\">La perquisizione dura 4\/5 ore durante le quali sono state effettuate riprese video delle operazioni e la signora \u00e8 rimasta in qualit\u00e0 di testimone essendo io \u201cirreperibile\u201d perch\u00e9 in ferie e non avendo nominato un avvocato. Per tutto il pomeriggio la signora viene privata del suo telefono cellulare che viene trattenuto dai poliziotti. Lei non ha mai potuto rispondere al telefono, n\u00e9 avvertire qualcuno della sua condizione di segregata in casa mia. <\/span><\/span><\/span><\/p>\n<p align=\"JUSTIFY\"><span style=\"color: #000000;\"><span style=\"font-family: Roboto, Tahoma, sans-serif;\"><span style=\"font-size: medium;\">Verso le 20.00 l\u2019operazione si \u00e8 conclusa e la signora \u00e8 stata condotta in questura per firmare il verbale di sequestro delle molteplici cose che mi sono state portate via: telefoni cellulari, schede telefoniche, cd, tablet, volantini, giornali, scritti vari, lettere e anche una bella e delicata stella marina. Preciso che su detto verbale di sequestro \u00e8 scritto che la perquisizione \u00e8 stata eseguita \u201cal fine di evitare che cose o tracce pertinenti al reato per cui si procede potessero essere distrutte o alterate&#8230;\u201d. <\/span><\/span><\/span><\/p>\n<p align=\"JUSTIFY\"><span style=\"color: #000000;\"><span style=\"font-family: Roboto, Tahoma, sans-serif;\"><span style=\"font-size: medium;\">Ma di quale reato si tratti non \u00e8 dato sapere fino al giorno 31 agosto quando, dopo esser stata contattata telefonicamente dalla Questura di Milano, ho ritirato la notifica a me indirizzata. E l\u00ec ho appreso che la perquisizione \u00e8 stata effettuata senza un mandato perch\u00e9 solo a posteriori, precisamente in data 12 agosto, il Sostituto Procuratore Dott. Enrico Pavone, la convalida con una nota scritta in calce al verbale dove dice che \u201cil sequestro effettuato dalla Digos, concerne schede telefoniche, documenti ed altri beni, che dovranno essere analizzati al fine di verificare i rapporti tra Vincenzo Vecchi e XXX, ora indagata per il reato ex art. 378 c.p.\u201d. Finalmente si parla di un reato!! Si tratta del reato di favoreggiamento.<\/span><\/span><\/span><\/p>\n<p align=\"JUSTIFY\"><span style=\"color: #000000;\"><span style=\"font-family: Roboto, Tahoma, sans-serif;\"><span style=\"font-size: medium;\">Comincia a farsi un p\u00f2 di chiarezza. In questura ho comunque chiesto al mio interlocutore perch\u00e9 non mi avessero ancora consegnato una copia del mandato di perquisizione visto che avevo sempre pensato, ingenuamente, che le perquisizioni fossero fatte a seguito di un mandato. A quel punto l\u2019ispettore mi ha risposto dicendomi che era loro prassi comunicare verbalmente il motivo della perquisizione. E che infatti loro lo avevano comunicato alla signora che curava il gatto. Gli ho risposto che non era assolutamente vero e che questa procedura mi suonava quantomeno stravagante! Detto ci\u00f2 comunque il mio avvocato qualche giorno dopo si \u00e8 recata in tribunale per ritirare il mandato e in quell\u2019occasione abbiamo avuto l\u2019ultima conferma dell\u2019inesistenza del mandato in oggetto.<\/span><\/span><\/span><\/p>\n<p align=\"JUSTIFY\"><span style=\"color: #000000;\"><span style=\"font-family: Roboto, Tahoma, sans-serif;\"><span style=\"font-size: medium;\">All\u2019oggi abbiamo fatto un\u2019istanza di dissequestro che \u00e8 stata rigettata senza motivazioni e a breve la impugneremo davanti al Gip.<\/span><\/span><\/span><\/p>\n<p align=\"JUSTIFY\"><span style=\"color: #000000;\"><span style=\"font-family: Roboto, Tahoma, sans-serif;\"><span style=\"font-size: medium;\">Alla luce di quanto accaduto si impone una riflessione anche di carattere politico. Io sono la ex convivente di Vincenzo, nonch\u00e9 la madre di sua figlia. Fino a quando lui \u00e8 stato in Italia noi vivevamo insieme. Questo significa che, nonostante io sia un familiare stretto di Vincenzo, mi si accusa comunque di favoreggiamento, cosa alquanto inedita in Italia dove il favoreggiamento non si applica ai parenti. Questo ci fa comprendere che il clima politico che stiamo vivendo \u00e8 interessato al fatto che la solidariet\u00e0, anche quella della famiglia, sia condannata quando viene rivolta verso chi ha criticato questo stato di cose, il sistema capitalista tanto per intenderci. La repressione e la criminalizzazione delle lotte passa oggi anche attraverso l\u2019attacco alla solidariet\u00e0 nel tentativo di abbattere i sostegni e le complicit\u00e0 a chi effettivamente dice o fa qualcosa di antisistemico perch\u00e9 forme concrete ritenute dallo Stato molto pericolose. <\/span><\/span><\/span><\/p>\n<p align=\"JUSTIFY\"><span style=\"color: #000000;\"><span style=\"font-family: Roboto, Tahoma, sans-serif;\"><span style=\"font-size: medium;\">A ci\u00f2 si aggiunga la componente fascista e razzista di alcuni solerti questurini che quando la signora \u00e8 stata condotta in questura per la firma del verbale le hanno ritirato il passaporto senza tenere in alcuna considerazione il fatto che a breve lei si sposer\u00e0 e di fatto consegnandola nelle mani dell\u2019Ufficio Immigrazione. E nonostante la convocazione del futuro marito, la signora \u00e8 stata costretta a tornare una volta a settimana per la firma e le \u00e8 stato comminato un decreto di espulsione. Ora ha deciso di non tornare pi\u00f9 in questura in quanto l\u00ec \u00e8 stata minacciata di essere rimpatriata a brevissimo oltre ad avere dovuto subire commenti maleducati, razzisti e sessisti. Anche questa vicenda, di aver infierito cos\u00ec pesantemente su una persona sostanzialmente estranea alle vicende di Vincenzo Vecchi e del g8 di Genova, non pu\u00f2 non farci riflettere sulla provocazione in atto che guarda caso riguarda una donna immigrata. Quindi da un lato un tentativo di colpire i solidali in qualsiasi modo, ma dall\u2019altro l\u2019accanimento verso i migranti che ormai \u00e8 un leit motiv degli ultimi tempi nei paesi occidentali e che viene perpetrato nei campi di detenzione, in mare, e che purtroppo sempre pi\u00f9 coinvolge ampi strati della societ\u00e0 civile come dimostrano i frequenti episodi di cronaca. <\/span><\/span><\/span><\/p>\n","protected":false},"excerpt":{"rendered":"<p>riceviamo e pubblichiamo COMUNICATO PERQUISIZIONE 9 AGOSTO 2019 L\u20198 agosto 2019 Vincenzo viene arrestato in un piccolo paese vicino a Rochefort en Terre mentre stava lavorando. Il 9 agosto la casa dove vivo con mia figlia a Milano viene sottoposta a perquisizione da parte della \u201cDivisione Investigazioni Generali Operazioni Speciali \u2013 Sezione antiterrorismo interno\u201d della <a href='https:\/\/www.inventati.org\/rete_evasioni\/?p=3396' class='excerpt-more'>[&#8230;]<\/a><\/p>\n","protected":false},"author":1,"featured_media":0,"comment_status":"open","ping_status":"open","sticky":false,"template":"","format":"standard","meta":[],"categories":[7],"tags":[26,491,489,333,490],"_links":{"self":[{"href":"https:\/\/www.inventati.org\/rete_evasioni\/index.php?rest_route=\/wp\/v2\/posts\/3396"}],"collection":[{"href":"https:\/\/www.inventati.org\/rete_evasioni\/index.php?rest_route=\/wp\/v2\/posts"}],"about":[{"href":"https:\/\/www.inventati.org\/rete_evasioni\/index.php?rest_route=\/wp\/v2\/types\/post"}],"author":[{"embeddable":true,"href":"https:\/\/www.inventati.org\/rete_evasioni\/index.php?rest_route=\/wp\/v2\/users\/1"}],"replies":[{"embeddable":true,"href":"https:\/\/www.inventati.org\/rete_evasioni\/index.php?rest_route=%2Fwp%2Fv2%2Fcomments&post=3396"}],"version-history":[{"count":1,"href":"https:\/\/www.inventati.org\/rete_evasioni\/index.php?rest_route=\/wp\/v2\/posts\/3396\/revisions"}],"predecessor-version":[{"id":3397,"href":"https:\/\/www.inventati.org\/rete_evasioni\/index.php?rest_route=\/wp\/v2\/posts\/3396\/revisions\/3397"}],"wp:attachment":[{"href":"https:\/\/www.inventati.org\/rete_evasioni\/index.php?rest_route=%2Fwp%2Fv2%2Fmedia&parent=3396"}],"wp:term":[{"taxonomy":"category","embeddable":true,"href":"https:\/\/www.inventati.org\/rete_evasioni\/index.php?rest_route=%2Fwp%2Fv2%2Fcategories&post=3396"},{"taxonomy":"post_tag","embeddable":true,"href":"https:\/\/www.inventati.org\/rete_evasioni\/index.php?rest_route=%2Fwp%2Fv2%2Ftags&post=3396"}],"curies":[{"name":"wp","href":"https:\/\/api.w.org\/{rel}","templated":true}]}}