{"id":3435,"date":"2019-10-26T15:55:14","date_gmt":"2019-10-26T13:55:14","guid":{"rendered":"http:\/\/www.inventati.org\/rete_evasioni\/?p=3435"},"modified":"2019-10-31T17:19:49","modified_gmt":"2019-10-31T16:19:49","slug":"10-novembre-laquila-presidio-al-carcere","status":"publish","type":"post","link":"https:\/\/www.inventati.org\/rete_evasioni\/?p=3435","title":{"rendered":"10 novembre L&#8217;Aquila &#8211; Presidio al carcere"},"content":{"rendered":"<p><a href=\"http:\/\/www.inventati.org\/rete_evasioni\/wp-content\/uploads\/2019\/10\/10novembre.jpeg\"><img loading=\"lazy\" class=\"alignleft wp-image-3436\" src=\"http:\/\/www.inventati.org\/rete_evasioni\/wp-content\/uploads\/2019\/10\/10novembre-1024x899.jpeg\" alt=\"\" width=\"445\" height=\"391\" srcset=\"https:\/\/www.inventati.org\/rete_evasioni\/wp-content\/uploads\/2019\/10\/10novembre-1024x899.jpeg 1024w, https:\/\/www.inventati.org\/rete_evasioni\/wp-content\/uploads\/2019\/10\/10novembre-300x263.jpeg 300w, https:\/\/www.inventati.org\/rete_evasioni\/wp-content\/uploads\/2019\/10\/10novembre-768x674.jpeg 768w, https:\/\/www.inventati.org\/rete_evasioni\/wp-content\/uploads\/2019\/10\/10novembre.jpeg 1280w\" sizes=\"(max-width: 445px) 100vw, 445px\" \/><\/a>Da pochi giorni Anna, prigioniera anarchica rinchiusa nella sezione AS2 del carcere de L\u2019Aquila, \u00e8 stata trasferita nel carcere di Lecce. Stessa cosa \u00e8 avvenuta per l&#8217;altra donna rinchiusa in quel reparto.<\/p>\n<p>Ci\u00f2 indica l&#8217;attuale chiusura della sezione, obiettivo per il quale, a inizio estate, era stata messa in campo una forte mobilitazione. La protesta aveva visto le compagne, l\u00ec recluse, mettere in atto un lungo sciopero della fame al quale hanno aderito anche molti altri compagni detenuti in altre carceri italiane. Moltissime sono state le azioni e le dimostrazioni di solidariet\u00e0 verso quella lotta e non solo da fuori le galere.<\/p>\n<p>Tra queste, un segnale molto importante era venuto proprio dalle battiture quotidiane compiute da alcuni detenuti e detenute in regime di 41Bis del medesimo carcere abruzzese. Un segnale di solidariet\u00e0 straordinario, compiuto da persone rinchiuse in condizioni che non ci stancheremo mai di definire come TORTURA, le quali sono sotto il continuo ricatto di provvedimenti e ammonizioni anche per molto meno.<\/p>\n<p>L\u2019attuale svuotamento della sezione AS2 de L\u2019Aquila non sar\u00e0 mai motivata, da parte del DAP o da qualsiasi altra istituzione, come il risultato della lotta dei detenuti.<br \/>\nN\u00e9 per noi pu\u00f2 essere considerata altro che un miglioramento momentaneo, all\u2019interno di un\u2019ingiustizia che rimane intatta e verso la quale non dobbiamo smettere di lottare: il sistema carcerario.<\/p>\n<p>Tornare fuori dalle mura di quel carcere \u00e8 un passaggio importante per comunicare con le persone ancora l\u00ec rinchiuse, che hanno contribuito a quella lotta e per ricordare loro che, anche se con il 41Bis lo stato mira al totale annientamento degli individui, non sono sole.<br \/>\nE per ribadire ancora una volta che solamente attraverso lotta e solidariet\u00e0 possiamo migliorare le nostre vite.<\/p>\n<p>CONTRO il 41 BIS, l\u2019ISOLAMENTO, i REGIMI DIFFERENZIATI e la TORTURA<br \/>\nSOLIDALI CON TUTTI I PRIGIONIERI E LE PRIGIONIERE IN LOTTA<\/p>\n","protected":false},"excerpt":{"rendered":"<p>Da pochi giorni Anna, prigioniera anarchica rinchiusa nella sezione AS2 del carcere de L\u2019Aquila, \u00e8 stata trasferita nel carcere di Lecce. Stessa cosa \u00e8 avvenuta per l&#8217;altra donna rinchiusa in quel reparto. Ci\u00f2 indica l&#8217;attuale chiusura della sezione, obiettivo per il quale, a inizio estate, era stata messa in campo una forte mobilitazione. La protesta <a href='https:\/\/www.inventati.org\/rete_evasioni\/?p=3435' class='excerpt-more'>[&#8230;]<\/a><\/p>\n","protected":false},"author":1,"featured_media":0,"comment_status":"open","ping_status":"open","sticky":false,"template":"","format":"standard","meta":[],"categories":[309,38,14],"tags":[349,472,348],"_links":{"self":[{"href":"https:\/\/www.inventati.org\/rete_evasioni\/index.php?rest_route=\/wp\/v2\/posts\/3435"}],"collection":[{"href":"https:\/\/www.inventati.org\/rete_evasioni\/index.php?rest_route=\/wp\/v2\/posts"}],"about":[{"href":"https:\/\/www.inventati.org\/rete_evasioni\/index.php?rest_route=\/wp\/v2\/types\/post"}],"author":[{"embeddable":true,"href":"https:\/\/www.inventati.org\/rete_evasioni\/index.php?rest_route=\/wp\/v2\/users\/1"}],"replies":[{"embeddable":true,"href":"https:\/\/www.inventati.org\/rete_evasioni\/index.php?rest_route=%2Fwp%2Fv2%2Fcomments&post=3435"}],"version-history":[{"count":4,"href":"https:\/\/www.inventati.org\/rete_evasioni\/index.php?rest_route=\/wp\/v2\/posts\/3435\/revisions"}],"predecessor-version":[{"id":3441,"href":"https:\/\/www.inventati.org\/rete_evasioni\/index.php?rest_route=\/wp\/v2\/posts\/3435\/revisions\/3441"}],"wp:attachment":[{"href":"https:\/\/www.inventati.org\/rete_evasioni\/index.php?rest_route=%2Fwp%2Fv2%2Fmedia&parent=3435"}],"wp:term":[{"taxonomy":"category","embeddable":true,"href":"https:\/\/www.inventati.org\/rete_evasioni\/index.php?rest_route=%2Fwp%2Fv2%2Fcategories&post=3435"},{"taxonomy":"post_tag","embeddable":true,"href":"https:\/\/www.inventati.org\/rete_evasioni\/index.php?rest_route=%2Fwp%2Fv2%2Ftags&post=3435"}],"curies":[{"name":"wp","href":"https:\/\/api.w.org\/{rel}","templated":true}]}}