{"id":3842,"date":"2021-01-21T18:10:36","date_gmt":"2021-01-21T17:10:36","guid":{"rendered":"http:\/\/www.inventati.org\/rete_evasioni\/?p=3842"},"modified":"2021-01-21T18:10:36","modified_gmt":"2021-01-21T17:10:36","slug":"il-carcere-e-tortura-presidio-a-sollicciano","status":"publish","type":"post","link":"https:\/\/www.inventati.org\/rete_evasioni\/?p=3842","title":{"rendered":"Il carcere \u00e8 tortura &#8211; Presidio a Sollicciano"},"content":{"rendered":"<div class=\"kvgmc6g5 cxmmr5t8 oygrvhab hcukyx3x c1et5uql\">IL CARCERE \u00c8 TORTURA<\/div>\n<div><\/div>\n<div><\/div>\n<div class=\"o9v6fnle cxmmr5t8 oygrvhab hcukyx3x c1et5uql\"><a href=\"http:\/\/www.inventati.org\/rete_evasioni\/wp-content\/uploads\/2021\/01\/139838872_3879812098709659_5733826382875578907_o.jpg\"><img loading=\"lazy\" class=\"alignleft size-large wp-image-3843\" src=\"http:\/\/www.inventati.org\/rete_evasioni\/wp-content\/uploads\/2021\/01\/139838872_3879812098709659_5733826382875578907_o-1024x576.jpg\" alt=\"\" width=\"695\" height=\"391\" srcset=\"https:\/\/www.inventati.org\/rete_evasioni\/wp-content\/uploads\/2021\/01\/139838872_3879812098709659_5733826382875578907_o-1024x576.jpg 1024w, https:\/\/www.inventati.org\/rete_evasioni\/wp-content\/uploads\/2021\/01\/139838872_3879812098709659_5733826382875578907_o-300x169.jpg 300w, https:\/\/www.inventati.org\/rete_evasioni\/wp-content\/uploads\/2021\/01\/139838872_3879812098709659_5733826382875578907_o-768x432.jpg 768w, https:\/\/www.inventati.org\/rete_evasioni\/wp-content\/uploads\/2021\/01\/139838872_3879812098709659_5733826382875578907_o.jpg 1280w\" sizes=\"(max-width: 695px) 100vw, 695px\" \/><\/a>Pestaggi, costole fratturate, timpani rotti.<br \/>\nQuesta \u00e8 la rieducazione del carcere di Sollicciano, come emerso in questi giorni da indagini e articoli di giornale.<\/div>\n<div class=\"o9v6fnle cxmmr5t8 oygrvhab hcukyx3x c1et5uql\">Ma come sono state rese note queste informazioni d\u00e0 ancora pi\u00f9 luce sul carcere italiano: cio\u00e8 a partire dalla denuncia per aggressione e resistenza effettuata proprio nei confronti di uno dei detenuti pestati.<br \/>\nCome succede fin troppo spesso (sia dentro che fuori dalle galere) chi subisce soprusi da parte dello stato e dei suoi scagnozzi si ritrova poi a dovere anche pagare conseguenze legali, una procedura che descrive bene uno stato arrogante ed omicida sempre disposto ad autoassolversi.<br \/>\nCi richiama alle recenti torture avvenute nel carcere di San Gimignano dove media e politici si sono lanciati a difendere i 15 secondini che hanno prestato brutalmente un detenuto.<br \/>\nCi richiama a Paska, compagno denunciato in seguito a un pestaggio avvenuto durante un trasferimento.<br \/>\nCi lascia capire di quanta impunit\u00e0 le forze della repressione ritengano di dover godere in questo sistema, impunit\u00e0 che fa s\u00ec che si possa entrare sulle nostre gambe all\u2019interno di una questura o di una galera per uscirne dentro una bara.<br \/>\nVogliamo rimarcare che i pestaggi, a S. Gimignano come a Sollicciano, rappresentano la ordinaria sanzione, da parte delle guardie, di una insubordinazione rispetto all\u2019ordine costituito.<br \/>\nChe il carcere sia un mezzo utilizzato dallo stato per spaventare chi \u00e8 fuori e annientare chi \u00e8 dentro \u00e8 una verit\u00e0 concreta.<br \/>\nChe sopraffazione e costrizione siano la struttura portante della galera e della societ\u00e0 contro chiunque provi a ribellarsi e rifiuti di collaborare rimane una verit\u00e0 contro la quale \u00e8 necessario lottare.<br \/>\nLo faremo in solidariet\u00e0 con tutt@ i compagn@ che si ritrovano prigionieri o sotto processo per le lotte contro questo stato che violenta, tortura e uccide ogni giorno attraverso i suoi servi.<br \/>\nLo faremo perch\u00e9 riteniamo che la lotta contro le carceri, dentro e fuori le mura, sia un tassello fondamentale della rivolta contro l\u2019esistente, contro questo stato che ci vuole collaboratori e servi.<\/div>\n<div class=\"o9v6fnle cxmmr5t8 oygrvhab hcukyx3x c1et5uql\">Che la solidariet\u00e0 resti sempre la nostra migliore arma.<br \/>\nPerch\u00e9 saremo tutt* meno liber* finch\u00e9 rester\u00e0 in piedi una prigione!<\/div>\n<div class=\"o9v6fnle cxmmr5t8 oygrvhab hcukyx3x c1et5uql\">Presidio sabato 23 gennaio ore 15 al carcere di Sollicciano<\/div>\n<div class=\"o9v6fnle cxmmr5t8 oygrvhab hcukyx3x c1et5uql\">Cpa fi-sud<br \/>\nCantiere Sociale Camilo Cienfuegos<br \/>\nCollettivo Politico Scienze Politiche<br \/>\nCollettivo Krisis<br \/>\nRete dei Collettivi Fiorentini<br \/>\nACAD onlus<br \/>\nPerUnAltraCitt\u00e0<br \/>\nRete Antirazzista Fiorentina<br \/>\nCollettivo di Unit\u00e0 Anticapitalista di Firenze<br \/>\nRifondazione Comunista Firenze<br \/>\nMovimento di lotta per la casa di Firenze<br \/>\nRete Antisfratto Fiorentina<br \/>\nFirenze Citt\u00e0 Aperta<br \/>\nLotta Continua Firenze<\/div>\n","protected":false},"excerpt":{"rendered":"<p>IL CARCERE \u00c8 TORTURA Pestaggi, costole fratturate, timpani rotti. Questa \u00e8 la rieducazione del carcere di Sollicciano, come emerso in questi giorni da indagini e articoli di giornale. Ma come sono state rese note queste informazioni d\u00e0 ancora pi\u00f9 luce sul carcere italiano: cio\u00e8 a partire dalla denuncia per aggressione e resistenza effettuata proprio nei <a href='https:\/\/www.inventati.org\/rete_evasioni\/?p=3842' class='excerpt-more'>[&#8230;]<\/a><\/p>\n","protected":false},"author":1,"featured_media":0,"comment_status":"open","ping_status":"open","sticky":false,"template":"","format":"standard","meta":[],"categories":[38,14],"tags":[9,596,11,259,595,44],"_links":{"self":[{"href":"https:\/\/www.inventati.org\/rete_evasioni\/index.php?rest_route=\/wp\/v2\/posts\/3842"}],"collection":[{"href":"https:\/\/www.inventati.org\/rete_evasioni\/index.php?rest_route=\/wp\/v2\/posts"}],"about":[{"href":"https:\/\/www.inventati.org\/rete_evasioni\/index.php?rest_route=\/wp\/v2\/types\/post"}],"author":[{"embeddable":true,"href":"https:\/\/www.inventati.org\/rete_evasioni\/index.php?rest_route=\/wp\/v2\/users\/1"}],"replies":[{"embeddable":true,"href":"https:\/\/www.inventati.org\/rete_evasioni\/index.php?rest_route=%2Fwp%2Fv2%2Fcomments&post=3842"}],"version-history":[{"count":1,"href":"https:\/\/www.inventati.org\/rete_evasioni\/index.php?rest_route=\/wp\/v2\/posts\/3842\/revisions"}],"predecessor-version":[{"id":3844,"href":"https:\/\/www.inventati.org\/rete_evasioni\/index.php?rest_route=\/wp\/v2\/posts\/3842\/revisions\/3844"}],"wp:attachment":[{"href":"https:\/\/www.inventati.org\/rete_evasioni\/index.php?rest_route=%2Fwp%2Fv2%2Fmedia&parent=3842"}],"wp:term":[{"taxonomy":"category","embeddable":true,"href":"https:\/\/www.inventati.org\/rete_evasioni\/index.php?rest_route=%2Fwp%2Fv2%2Fcategories&post=3842"},{"taxonomy":"post_tag","embeddable":true,"href":"https:\/\/www.inventati.org\/rete_evasioni\/index.php?rest_route=%2Fwp%2Fv2%2Ftags&post=3842"}],"curies":[{"name":"wp","href":"https:\/\/api.w.org\/{rel}","templated":true}]}}