{"id":3870,"date":"2021-01-28T19:03:44","date_gmt":"2021-01-28T18:03:44","guid":{"rendered":"http:\/\/www.inventati.org\/rete_evasioni\/?p=3870"},"modified":"2021-01-28T19:06:36","modified_gmt":"2021-01-28T18:06:36","slug":"solidarieta-con-jennifer","status":"publish","type":"post","link":"https:\/\/www.inventati.org\/rete_evasioni\/?p=3870","title":{"rendered":"SOLIDARIET\u00c0 CON JENNIFER"},"content":{"rendered":"<p style=\"text-align: left;\" align=\"center\"><em><a href=\"http:\/\/www.inventati.org\/rete_evasioni\/wp-content\/uploads\/2021\/01\/1602514567030657-HERMES-2.jpeg\"><img loading=\"lazy\" class=\"alignleft size-medium wp-image-3873\" src=\"http:\/\/www.inventati.org\/rete_evasioni\/wp-content\/uploads\/2021\/01\/1602514567030657-HERMES-2-300x250.jpeg\" alt=\"\" width=\"300\" height=\"250\" srcset=\"https:\/\/www.inventati.org\/rete_evasioni\/wp-content\/uploads\/2021\/01\/1602514567030657-HERMES-2-300x250.jpeg 300w, https:\/\/www.inventati.org\/rete_evasioni\/wp-content\/uploads\/2021\/01\/1602514567030657-HERMES-2-768x641.jpeg 768w, https:\/\/www.inventati.org\/rete_evasioni\/wp-content\/uploads\/2021\/01\/1602514567030657-HERMES-2.jpeg 802w\" sizes=\"(max-width: 300px) 100vw, 300px\" \/><\/a>Riceviamo e pubblichiamo<\/em><\/p>\n<p class=\"western\" style=\"text-align: left;\" align=\"center\"><span style=\"color: #000000;\"><span style=\"font-family: Times New Roman, serif;\"><span style=\"font-size: medium;\"><span lang=\"it-IT\">Jennifer \u00e8 una donna trans di 38 anni, detenuta nella prigione di Seysses, a 30 km dalla citt\u00e0 di Tolosa nel sud-ovest della Francia, da 7 mesi oramai.<\/span><\/span><\/span><\/span><\/p>\n<p class=\"western\" align=\"justify\"><span style=\"color: #000000;\"><span style=\"font-family: Times New Roman, serif;\"><span style=\"font-size: medium;\"><span lang=\"it-IT\">Jennifer \u00e8 una persona queer, militante per la difesa delle \u201csex workers\u201d e anche star di quartiere amata da tutti\/e. Jennifer \u00e8 in arresto preventivo, in attesa del processo, nelle peggiori condizioni immaginabili: in una cella di isolamento nel reparto maschile del carcere di Seysses.<\/span><\/span><\/span><\/span><\/p>\n<p class=\"western\" align=\"justify\"><span style=\"color: #000000;\"><span style=\"font-family: Times New Roman, serif;\"><span style=\"font-size: medium;\"><span lang=\"it-IT\">Il nome sul suo documento d\u2019identit\u00e0 non corrisponde alla sua identit\u00e0 di genere. \u00c8 circondata da secondini apertamente transfobici che la discriminano con vessazioni quotidiane, le impediscono di vestirsi come le pare, la chiamano sempre con il prenome maschile e fanno battute di cattivo gusto allo scopo di umiliarla. Eccetto i colloqui, Jennifer non ha alcun altro contatto umano che con loro.<\/span><\/span><\/span><\/span><\/p>\n<p class=\"western\" align=\"justify\"><span style=\"color: #000000;\"><span style=\"font-family: Times New Roman, serif;\"><span style=\"font-size: medium;\"><span lang=\"it-IT\">Jennifer \u00e8 in arresto preventivo con l\u2019accusa di tentativo di omicidio del suo stupratore. Siamo tutte\/i al corrente delle violenze quotidiane che i sex workers et le lavoratrici sessuali vivono quotidianamente e soprattutto della difficolta che queste persone hanno di denunciare. Perch\u00e9 se sono state violentate \u201cse lo sono andate a cercare\u201d, perch\u00e9 \u201c\u00e8 il rischio di questo lavoro\u201d e soprattutto perch\u00e9 non saranno mai credute, come oggi accade ancora alle donne che vogliono denunciare il loro aggressore. <\/span><\/span><\/span><\/span><\/p>\n<p class=\"western\" align=\"justify\"><span style=\"color: #000000;\"><span style=\"font-family: Times New Roman, serif;\"><span style=\"font-size: medium;\"><span lang=\"it-IT\">Infatti l\u2019accusa di stupro antecedente ai fatti dell\u2019aggressione, non \u00e8 stata accolta dal giudice d\u2019istruzione. Questo la dice lunga sulla possibilit\u00e0 di Jennifer di potersi difendere correttamente e di avere giustizia.<\/span><\/span><\/span><\/span><\/p>\n<p class=\"western\" align=\"justify\"><span style=\"color: #000000;\"><span style=\"font-family: Times New Roman, serif;\"><span style=\"font-size: medium;\"><span lang=\"it-IT\">Le condizioni di prigionia di Jennifer e di tutte le persone trans sono pesantissime e disumanizzanti. L\u2019isolamento e la transfobia che lei subisce, influiscono sulla sua salute mentale, lei che ha sempre affrontato la vita con coraggio e determinazione dall\u2019alto dei suoi tacchi a spillo.<\/span><\/span><\/span><\/span><\/p>\n<p class=\"western\" align=\"justify\"><span style=\"color: #000000;\"><span style=\"font-family: Times New Roman, serif;\"><span style=\"font-size: medium;\"><span lang=\"it-IT\">Il nostro obiettivo \u00e8 di rompere il suo isolamento e di mostrarci solidali, ne va della sua sopravvivenza!<\/span><\/span><\/span><\/span><\/p>\n<p class=\"western\" align=\"justify\"><span style=\"color: #000000;\"><span style=\"font-family: Times New Roman, serif;\"><span style=\"font-size: medium;\"><span lang=\"it-IT\">Il nostro \u00e8 un appello a tutte le reti militanti \u00e8 di diffondere la storia di Jennifer e di restare solidali. Come tutte i detenuti\/e, Jennifer ha bisogno di un aiuto economico e di sostegno emozionale grazie a delle lettere, dei disegni, stikers, collage, foto etc. Tutti i pensieri di incoraggiamento e di amore saranno per lei un sostegno e le permetteranno di svagarsi e di pensare ad altro nelle lunghe ore di isolamento quotidiane.<\/span><\/span><\/span><\/span><\/p>\n<p class=\"western\" align=\"justify\"><span style=\"color: #000000;\"><span style=\"font-family: Times New Roman, serif;\"><span style=\"font-size: medium;\"><span lang=\"it-IT\">Jennifer \u00e8 una fun sfegatata di Mariah Carey.<\/span><\/span><\/span><\/span><\/p>\n<p class=\"western\" align=\"justify\"><span style=\"color: #000000;\"><span style=\"font-family: Times New Roman, serif;\"><span style=\"font-size: medium;\"><span lang=\"it-IT\">La solidariet\u00e0 \u00e8 la nostra arma, rompiamo le gabbie che ci dividono dai nostri amici\/e e cari\/e!<\/span><\/span><\/span><\/span><\/p>\n<p class=\"western\" align=\"justify\"><span style=\"color: #000000;\"><span style=\"font-family: Times New Roman, serif;\"><span style=\"font-size: medium;\"><span lang=\"it-IT\">Contattare il collettivo di amici\/e e cari\/e <\/span><\/span><\/span><\/span><span style=\"color: #000000;\"><span style=\"font-family: Times New Roman, serif;\"><span style=\"font-size: medium;\"><span lang=\"it-IT\"><b>Cosco <\/b><\/span><\/span><\/span><\/span><span style=\"color: #000000;\"><span style=\"font-family: Times New Roman, serif;\"><span style=\"font-size: medium;\"><span lang=\"it-IT\">per avere le informazioni per scriverle e versarle un aiuto.<\/span><\/span><\/span><\/span><\/p>\n","protected":false},"excerpt":{"rendered":"<p>Riceviamo e pubblichiamo Jennifer \u00e8 una donna trans di 38 anni, detenuta nella prigione di Seysses, a 30 km dalla citt\u00e0 di Tolosa nel sud-ovest della Francia, da 7 mesi oramai. Jennifer \u00e8 una persona queer, militante per la difesa delle \u201csex workers\u201d e anche star di quartiere amata da tutti\/e. Jennifer \u00e8 in arresto <a href='https:\/\/www.inventati.org\/rete_evasioni\/?p=3870' class='excerpt-more'>[&#8230;]<\/a><\/p>\n","protected":false},"author":1,"featured_media":0,"comment_status":"open","ping_status":"open","sticky":false,"template":"","format":"standard","meta":[],"categories":[14,7,1,515],"tags":[],"_links":{"self":[{"href":"https:\/\/www.inventati.org\/rete_evasioni\/index.php?rest_route=\/wp\/v2\/posts\/3870"}],"collection":[{"href":"https:\/\/www.inventati.org\/rete_evasioni\/index.php?rest_route=\/wp\/v2\/posts"}],"about":[{"href":"https:\/\/www.inventati.org\/rete_evasioni\/index.php?rest_route=\/wp\/v2\/types\/post"}],"author":[{"embeddable":true,"href":"https:\/\/www.inventati.org\/rete_evasioni\/index.php?rest_route=\/wp\/v2\/users\/1"}],"replies":[{"embeddable":true,"href":"https:\/\/www.inventati.org\/rete_evasioni\/index.php?rest_route=%2Fwp%2Fv2%2Fcomments&post=3870"}],"version-history":[{"count":2,"href":"https:\/\/www.inventati.org\/rete_evasioni\/index.php?rest_route=\/wp\/v2\/posts\/3870\/revisions"}],"predecessor-version":[{"id":3874,"href":"https:\/\/www.inventati.org\/rete_evasioni\/index.php?rest_route=\/wp\/v2\/posts\/3870\/revisions\/3874"}],"wp:attachment":[{"href":"https:\/\/www.inventati.org\/rete_evasioni\/index.php?rest_route=%2Fwp%2Fv2%2Fmedia&parent=3870"}],"wp:term":[{"taxonomy":"category","embeddable":true,"href":"https:\/\/www.inventati.org\/rete_evasioni\/index.php?rest_route=%2Fwp%2Fv2%2Fcategories&post=3870"},{"taxonomy":"post_tag","embeddable":true,"href":"https:\/\/www.inventati.org\/rete_evasioni\/index.php?rest_route=%2Fwp%2Fv2%2Ftags&post=3870"}],"curies":[{"name":"wp","href":"https:\/\/api.w.org\/{rel}","templated":true}]}}