{"id":3884,"date":"2021-02-08T19:36:36","date_gmt":"2021-02-08T18:36:36","guid":{"rendered":"http:\/\/www.inventati.org\/rete_evasioni\/?p=3884"},"modified":"2021-02-17T19:45:48","modified_gmt":"2021-02-17T18:45:48","slug":"sul-presidio-del-31-gennaio-a-parma","status":"publish","type":"post","link":"https:\/\/www.inventati.org\/rete_evasioni\/?p=3884","title":{"rendered":"Sul presidio del 31 Gennaio a Parma"},"content":{"rendered":"<p class=\"western\" align=\"justify\"><em><a href=\"http:\/\/www.inventati.org\/rete_evasioni\/wp-content\/uploads\/2021\/02\/presidi2-scaled.jpg\"><img loading=\"lazy\" class=\"alignleft size-medium wp-image-3882\" src=\"http:\/\/www.inventati.org\/rete_evasioni\/wp-content\/uploads\/2021\/02\/presidi2-212x300.jpg\" alt=\"\" width=\"212\" height=\"300\" srcset=\"https:\/\/www.inventati.org\/rete_evasioni\/wp-content\/uploads\/2021\/02\/presidi2-212x300.jpg 212w, https:\/\/www.inventati.org\/rete_evasioni\/wp-content\/uploads\/2021\/02\/presidi2-724x1024.jpg 724w, https:\/\/www.inventati.org\/rete_evasioni\/wp-content\/uploads\/2021\/02\/presidi2-768x1086.jpg 768w, https:\/\/www.inventati.org\/rete_evasioni\/wp-content\/uploads\/2021\/02\/presidi2-1086x1536.jpg 1086w, https:\/\/www.inventati.org\/rete_evasioni\/wp-content\/uploads\/2021\/02\/presidi2-1448x2048.jpg 1448w, https:\/\/www.inventati.org\/rete_evasioni\/wp-content\/uploads\/2021\/02\/presidi2-scaled.jpg 1810w\" sizes=\"(max-width: 212px) 100vw, 212px\" \/><\/a>Riceviamo e pubblichiamo<\/em><\/p>\n<p class=\"western\" align=\"justify\">Domenica ci siamo ritrovate in una quarantina di persone sotto le mura del carcere di Parma per Claudio e tutti i detenuti. Nell&#8217;ambito della settimana di mobilitazione nazionale anche noi abbiamo voluto portare attenzione e solidariet\u00e0 al coraggio di quei 5 detenuti che in novembre con un esposto hanno contribuito a rompere il silenzio sui pestaggi e gli omicidi di marzo scorso nelle carceri. Abbiamo raggiunto il prato dove avevamo deciso di posizionarci e per circa due ore siamo rimaste in presidio intervallando interventi in italiano francese ed arabo con musica. Buona \u00e8 stata la comunicazione con i detenuti della media sicurezza che con determinazione e senza paura hanno sfidato le guardie che, ci han detto, li stavano minacciando di ritorsioni (come la perquisizione della cella) e intimando loro di stare zitti. In particolare ci hanno raccontato di un detenuto quasi ammazzato di botte sabato 30 gennaio &#8211; di 5 detenuti morti di covid negli ultimi 5-6 mesi sebbene la versione ufficiale parli di morte per infarto e di un altro detenuto molto malato e poco assistito. Hanno anche ricordato un detenuto morto nel 2010. Poi ci hanno confermato una realt\u00e0 fatta di abusi da parte delle guardie con la complicit\u00e0 della direzione del carcere. Ci hanno raccontato di problemi con la corrispondenza e nello specifico che provano a scriverci ma che la posta viene strappata e noi additati come delinquenti dalle guardie questo a confermare che la solidariet\u00e0 fa paura a chi detiene il potere&#8230; ma chi si ribella non sar\u00e0 mai solo e noi torneremo sotto le carceri a Parma come in altre citt\u00e0 finch\u00e9 di quelle mura non ci saranno solo macerie!<\/p>\n<p class=\"western\" align=\"justify\"><strong>Prossimi appuntamenti: domenica 7 febbraio alle ore 11 fuori dal carcere di Reggio Emilia e alle ore 15 fuori dal carcere di Piacenza.<\/strong><\/p>\n","protected":false},"excerpt":{"rendered":"<p>Riceviamo e pubblichiamo Domenica ci siamo ritrovate in una quarantina di persone sotto le mura del carcere di Parma per Claudio e tutti i detenuti. Nell&#8217;ambito della settimana di mobilitazione nazionale anche noi abbiamo voluto portare attenzione e solidariet\u00e0 al coraggio di quei 5 detenuti che in novembre con un esposto hanno contribuito a rompere <a href='https:\/\/www.inventati.org\/rete_evasioni\/?p=3884' class='excerpt-more'>[&#8230;]<\/a><\/p>\n","protected":false},"author":1,"featured_media":0,"comment_status":"open","ping_status":"open","sticky":false,"template":"","format":"standard","meta":[],"categories":[14,116,515],"tags":[],"_links":{"self":[{"href":"https:\/\/www.inventati.org\/rete_evasioni\/index.php?rest_route=\/wp\/v2\/posts\/3884"}],"collection":[{"href":"https:\/\/www.inventati.org\/rete_evasioni\/index.php?rest_route=\/wp\/v2\/posts"}],"about":[{"href":"https:\/\/www.inventati.org\/rete_evasioni\/index.php?rest_route=\/wp\/v2\/types\/post"}],"author":[{"embeddable":true,"href":"https:\/\/www.inventati.org\/rete_evasioni\/index.php?rest_route=\/wp\/v2\/users\/1"}],"replies":[{"embeddable":true,"href":"https:\/\/www.inventati.org\/rete_evasioni\/index.php?rest_route=%2Fwp%2Fv2%2Fcomments&post=3884"}],"version-history":[{"count":1,"href":"https:\/\/www.inventati.org\/rete_evasioni\/index.php?rest_route=\/wp\/v2\/posts\/3884\/revisions"}],"predecessor-version":[{"id":3885,"href":"https:\/\/www.inventati.org\/rete_evasioni\/index.php?rest_route=\/wp\/v2\/posts\/3884\/revisions\/3885"}],"wp:attachment":[{"href":"https:\/\/www.inventati.org\/rete_evasioni\/index.php?rest_route=%2Fwp%2Fv2%2Fmedia&parent=3884"}],"wp:term":[{"taxonomy":"category","embeddable":true,"href":"https:\/\/www.inventati.org\/rete_evasioni\/index.php?rest_route=%2Fwp%2Fv2%2Fcategories&post=3884"},{"taxonomy":"post_tag","embeddable":true,"href":"https:\/\/www.inventati.org\/rete_evasioni\/index.php?rest_route=%2Fwp%2Fv2%2Ftags&post=3884"}],"curies":[{"name":"wp","href":"https:\/\/api.w.org\/{rel}","templated":true}]}}