{"id":4172,"date":"2021-06-20T13:50:13","date_gmt":"2021-06-20T11:50:13","guid":{"rendered":"https:\/\/www.inventati.org\/rete_evasioni\/?p=4172"},"modified":"2021-06-20T13:50:13","modified_gmt":"2021-06-20T11:50:13","slug":"natascia-in-sciopero-della-fame-nel-carcere-di-santa-maria-capua-vetere","status":"publish","type":"post","link":"https:\/\/www.inventati.org\/rete_evasioni\/?p=4172","title":{"rendered":"Natascia in sciopero della fame nel carcere di Santa Maria Capua Vetere"},"content":{"rendered":"<p><em>Riceviamo e pubblichiamo.\u00a0<\/em><\/p>\n<p>Da un video colloquio di questa mattina con una compagna, Natascia ha fatto sapere che il 16 giugno, di ritorno al carcere di Vigevano dopo l&#8217;udienza preliminare per il processo Scintilla in cui \u00e8 imputata e che si \u00e8 tenuta a Torino, le \u00e8 stata misurata la temperatura e subito dopo \u00e8 stata messa in una cella in isolamento. Quando ha capito che si trovava l\u00ec per essere ritrasferita nel carcere di S. Maria Capua Vetere ha dichiarato ufficialmente l&#8217;inizio dello sciopero della fame, buttando fuori dalla cella il vitto quando le \u00e8 stato consegnato.<\/p>\n<p>A nulla sono servite le istanze per l&#8217;assegnazione ad un altro carcere visto il leso diritto alla difesa che le rende impossibile seguire adeguatamente i processi che la vedono imputata a Genova (Prometeo) e anche a Torino (Scintilla), e confrontarsi con il suo avvocato, sia in aula durante le udienze che in fase preparatoria. Si aggiunga inoltre che l&#8217;unica istanza che \u00e8 riuscita a presentare in prima persona \u00e8 partita dal carcere di Vigevano, perch\u00e9 dal carcere di S. Maria Capua Vetere non le hanno mai fatte partire, rimanendo con tutta probabilit\u00e0 ad impolverarsi su una scrivania della direzione carceraria.<\/p>\n<p>Natascia \u00e8 determinata ad andare avanti fino in fondo e a non toccare cibo finch\u00e9 la situazione non sar\u00e0 cambiata.<\/p>\n<p>Forte, determinata e a testa alta Natascia non ha mai smesso di lottare neanche quando l&#8217;hanno rinchiusa. A noi qui fuori, il compito di lottare con la stessa forza e determinazione, al suo fianco.<\/p>\n<p>AL FIANCO DI NATASCIA, COMPLICI E SOLIDALI!<\/p>\n","protected":false},"excerpt":{"rendered":"<p>Riceviamo e pubblichiamo.\u00a0 Da un video colloquio di questa mattina con una compagna, Natascia ha fatto sapere che il 16 giugno, di ritorno al carcere di Vigevano dopo l&#8217;udienza preliminare per il processo Scintilla in cui \u00e8 imputata e che si \u00e8 tenuta a Torino, le \u00e8 stata misurata la temperatura e subito dopo \u00e8 <a href='https:\/\/www.inventati.org\/rete_evasioni\/?p=4172' class='excerpt-more'>[&#8230;]<\/a><\/p>\n","protected":false},"author":1,"featured_media":0,"comment_status":"open","ping_status":"open","sticky":false,"template":"","format":"standard","meta":[],"categories":[14,15],"tags":[176],"_links":{"self":[{"href":"https:\/\/www.inventati.org\/rete_evasioni\/index.php?rest_route=\/wp\/v2\/posts\/4172"}],"collection":[{"href":"https:\/\/www.inventati.org\/rete_evasioni\/index.php?rest_route=\/wp\/v2\/posts"}],"about":[{"href":"https:\/\/www.inventati.org\/rete_evasioni\/index.php?rest_route=\/wp\/v2\/types\/post"}],"author":[{"embeddable":true,"href":"https:\/\/www.inventati.org\/rete_evasioni\/index.php?rest_route=\/wp\/v2\/users\/1"}],"replies":[{"embeddable":true,"href":"https:\/\/www.inventati.org\/rete_evasioni\/index.php?rest_route=%2Fwp%2Fv2%2Fcomments&post=4172"}],"version-history":[{"count":1,"href":"https:\/\/www.inventati.org\/rete_evasioni\/index.php?rest_route=\/wp\/v2\/posts\/4172\/revisions"}],"predecessor-version":[{"id":4173,"href":"https:\/\/www.inventati.org\/rete_evasioni\/index.php?rest_route=\/wp\/v2\/posts\/4172\/revisions\/4173"}],"wp:attachment":[{"href":"https:\/\/www.inventati.org\/rete_evasioni\/index.php?rest_route=%2Fwp%2Fv2%2Fmedia&parent=4172"}],"wp:term":[{"taxonomy":"category","embeddable":true,"href":"https:\/\/www.inventati.org\/rete_evasioni\/index.php?rest_route=%2Fwp%2Fv2%2Fcategories&post=4172"},{"taxonomy":"post_tag","embeddable":true,"href":"https:\/\/www.inventati.org\/rete_evasioni\/index.php?rest_route=%2Fwp%2Fv2%2Ftags&post=4172"}],"curies":[{"name":"wp","href":"https:\/\/api.w.org\/{rel}","templated":true}]}}